{"id":9919,"date":"2025-11-18T12:45:46","date_gmt":"2025-11-18T11:45:46","guid":{"rendered":"https:\/\/agora.xtec.cat\/zer-pedrera\/?p=9919"},"modified":"2025-11-18T12:45:46","modified_gmt":"2025-11-18T11:45:46","slug":"xerrada-banc-daliments-a-lalumnat-de-cm-i-cs-porcel-de-cervera","status":"publish","type":"post","link":"https:\/\/agora.xtec.cat\/zer-pedrera\/general\/xerrada-banc-daliments-a-lalumnat-de-cm-i-cs-porcel-de-cervera\/","title":{"rendered":"Xerrada banc d&#8217;aliments a l&#8217;alumnat de CM i CS Porcel de Cervera."},"content":{"rendered":"<p><span style=\"font-weight: 400;\">Aquesta setmana ens ha visitat un voluntari del Banc d\u2019Aliments de Lleida per explicar-nos la seva tasca solid\u00e0ria i la import\u00e0ncia de la Gran Recollida d\u2019Aliments. Ens ha explicat com ajuden les persones que ho necessiten repartint menjar que recullen de diferents punts. Tamb\u00e9 ens ha fet reflexionar sobre el malbaratament alimentari que es produeix a moltes cases. Hem apr\u00e8s que no \u00e9s el mateix la data de caducitat que la de consum preferent. Gr\u00e0cies a la seva xerrada hem ent\u00e8s millor com podem col\u00b7laborar i evitar llen\u00e7ar aliments.<\/span><\/p>\n<p><a href=\"https:\/\/photos.app.goo.gl\/N84fTBMpBghC1GNu5\">https:\/\/photos.app.goo.gl\/N84fTBMpBghC1GNu5<\/a><\/p>\n","protected":false},"excerpt":{"rendered":"<p>Aquesta setmana ens ha visitat un voluntari del Banc d\u2019Aliments de Lleida per explicar-nos la seva tasca solid\u00e0ria i la import\u00e0ncia de la Gran Recollida d\u2019Aliments. Ens ha explicat com ajuden les persones que ho necessiten repartint menjar que recullen de diferents punts. Tamb\u00e9 ens&hellip;  <a href=\"https:\/\/agora.xtec.cat\/zer-pedrera\/general\/xerrada-banc-daliments-a-lalumnat-de-cm-i-cs-porcel-de-cervera\/\" title=\"Read Xerrada banc d&#8217;aliments a l&#8217;alumnat de CM i CS Porcel de Cervera.\">Llegeix m\u00e9s\u00bb<\/a><\/p>\n","protected":false},"author":1,"featured_media":9926,"comment_status":"open","ping_status":"open","sticky":false,"template":"","format":"standard","meta":{"_bbp_topic_count":0,"_bbp_reply_count":0,"_bbp_total_topic_count":0,"_bbp_total_reply_count":0,"_bbp_voice_count":0,"_bbp_anonymous_reply_count":0,"_bbp_topic_count_hidden":0,"_bbp_reply_count_hidden":0,"_bbp_forum_subforum_count":0,"footnotes":""},"categories":[145,111,1,29,89],"tags":[],"class_list":["post-9919","post","type-post","status-publish","format-standard","has-post-thumbnail","hentry","category-educacio-en-valors","category-escola-porcel-de-cervera","category-general","category-portada","category-primaria"],"post_mailing_queue_ids":[],"_links":{"self":[{"href":"https:\/\/agora.xtec.cat\/zer-pedrera\/wp-json\/wp\/v2\/posts\/9919","targetHints":{"allow":["GET"]}}],"collection":[{"href":"https:\/\/agora.xtec.cat\/zer-pedrera\/wp-json\/wp\/v2\/posts"}],"about":[{"href":"https:\/\/agora.xtec.cat\/zer-pedrera\/wp-json\/wp\/v2\/types\/post"}],"author":[{"embeddable":true,"href":"https:\/\/agora.xtec.cat\/zer-pedrera\/wp-json\/wp\/v2\/users\/1"}],"replies":[{"embeddable":true,"href":"https:\/\/agora.xtec.cat\/zer-pedrera\/wp-json\/wp\/v2\/comments?post=9919"}],"version-history":[{"count":2,"href":"https:\/\/agora.xtec.cat\/zer-pedrera\/wp-json\/wp\/v2\/posts\/9919\/revisions"}],"predecessor-version":[{"id":9927,"href":"https:\/\/agora.xtec.cat\/zer-pedrera\/wp-json\/wp\/v2\/posts\/9919\/revisions\/9927"}],"wp:featuredmedia":[{"embeddable":true,"href":"https:\/\/agora.xtec.cat\/zer-pedrera\/wp-json\/wp\/v2\/media\/9926"}],"wp:attachment":[{"href":"https:\/\/agora.xtec.cat\/zer-pedrera\/wp-json\/wp\/v2\/media?parent=9919"}],"wp:term":[{"taxonomy":"category","embeddable":true,"href":"https:\/\/agora.xtec.cat\/zer-pedrera\/wp-json\/wp\/v2\/categories?post=9919"},{"taxonomy":"post_tag","embeddable":true,"href":"https:\/\/agora.xtec.cat\/zer-pedrera\/wp-json\/wp\/v2\/tags?post=9919"}],"curies":[{"name":"wp","href":"https:\/\/api.w.org\/{rel}","templated":true}]}}