{"id":9897,"date":"2025-11-23T18:57:31","date_gmt":"2025-11-23T17:57:31","guid":{"rendered":"https:\/\/agora.xtec.cat\/zer-pedrera\/?p=9897"},"modified":"2025-11-23T18:57:31","modified_gmt":"2025-11-23T17:57:31","slug":"ei-de-lescola-abat-ruera-el-nostre-viatge-amb-llana","status":"publish","type":"post","link":"https:\/\/agora.xtec.cat\/zer-pedrera\/general\/ei-de-lescola-abat-ruera-el-nostre-viatge-amb-llana\/","title":{"rendered":"EI de l&#8217;escola Abat Ruera. El nostre viatge amb llana"},"content":{"rendered":"<p>Aquesta setmana hem descobert el conte El joc de llegir a cegues d\u2019Herv\u00e9 Tullet, un autor que sempre ens convida a jugar, imaginar i sentir m\u00e9s enll\u00e0 de les paraules.<\/p>\n<p>Despr\u00e9s hem creat el nostre viatge amb llana, tra\u00e7ant recorreguts plens de colors, textures i emocions. Una experi\u00e8ncia per sentir, explorar i deixar-se portar.<\/p>\n<p><a href=\"https:\/\/photos.app.goo.gl\/gHZJNcLdMy68ZrZ16\" target=\"_blank\" rel=\"noopener\"><img loading=\"lazy\" decoding=\"async\" class=\"alignnone size-full wp-image-9903\" src=\"https:\/\/agora.xtec.cat\/zer-pedrera\/wp-content\/uploads\/usu1473\/2025\/11\/40-thumb.jpg\" alt=\"\" width=\"600\" height=\"300\" srcset=\"https:\/\/agora.xtec.cat\/zer-pedrera\/wp-content\/uploads\/usu1473\/2025\/11\/40-thumb.jpg 600w, https:\/\/agora.xtec.cat\/zer-pedrera\/wp-content\/uploads\/usu1473\/2025\/11\/40-thumb-300x150.jpg 300w\" sizes=\"auto, (max-width: 600px) 100vw, 600px\" \/><\/a><\/p>\n<p>&nbsp;<\/p>\n","protected":false},"excerpt":{"rendered":"<p>Aquesta setmana hem descobert el conte El joc de llegir a cegues d\u2019Herv\u00e9 Tullet, un autor que sempre ens convida a jugar, imaginar i sentir m\u00e9s enll\u00e0 de les paraules.<br \/>\nDespr\u00e9s hem creat el nostre viatge amb llana, tra\u00e7ant recorreguts plens de colors, textures i emocions.&hellip;  <a href=\"https:\/\/agora.xtec.cat\/zer-pedrera\/general\/ei-de-lescola-abat-ruera-el-nostre-viatge-amb-llana\/\" title=\"Read EI de l&#8217;escola Abat Ruera. El nostre viatge amb llana\">Llegeix m\u00e9s\u00bb<\/a><\/p>\n","protected":false},"author":1,"featured_media":9903,"comment_status":"open","ping_status":"open","sticky":false,"template":"","format":"standard","meta":{"_bbp_topic_count":0,"_bbp_reply_count":0,"_bbp_total_topic_count":0,"_bbp_total_reply_count":0,"_bbp_voice_count":0,"_bbp_anonymous_reply_count":0,"_bbp_topic_count_hidden":0,"_bbp_reply_count_hidden":0,"_bbp_forum_subforum_count":0,"footnotes":""},"categories":[125,113,110,1,119,29,89],"tags":[],"class_list":["post-9897","post","type-post","status-publish","format-standard","has-post-thumbnail","hentry","category-catala","category-e-infantil","category-escola-abat-ruera","category-general","category-plastica","category-portada","category-primaria"],"post_mailing_queue_ids":[],"_links":{"self":[{"href":"https:\/\/agora.xtec.cat\/zer-pedrera\/wp-json\/wp\/v2\/posts\/9897","targetHints":{"allow":["GET"]}}],"collection":[{"href":"https:\/\/agora.xtec.cat\/zer-pedrera\/wp-json\/wp\/v2\/posts"}],"about":[{"href":"https:\/\/agora.xtec.cat\/zer-pedrera\/wp-json\/wp\/v2\/types\/post"}],"author":[{"embeddable":true,"href":"https:\/\/agora.xtec.cat\/zer-pedrera\/wp-json\/wp\/v2\/users\/1"}],"replies":[{"embeddable":true,"href":"https:\/\/agora.xtec.cat\/zer-pedrera\/wp-json\/wp\/v2\/comments?post=9897"}],"version-history":[{"count":2,"href":"https:\/\/agora.xtec.cat\/zer-pedrera\/wp-json\/wp\/v2\/posts\/9897\/revisions"}],"predecessor-version":[{"id":9904,"href":"https:\/\/agora.xtec.cat\/zer-pedrera\/wp-json\/wp\/v2\/posts\/9897\/revisions\/9904"}],"wp:featuredmedia":[{"embeddable":true,"href":"https:\/\/agora.xtec.cat\/zer-pedrera\/wp-json\/wp\/v2\/media\/9903"}],"wp:attachment":[{"href":"https:\/\/agora.xtec.cat\/zer-pedrera\/wp-json\/wp\/v2\/media?parent=9897"}],"wp:term":[{"taxonomy":"category","embeddable":true,"href":"https:\/\/agora.xtec.cat\/zer-pedrera\/wp-json\/wp\/v2\/categories?post=9897"},{"taxonomy":"post_tag","embeddable":true,"href":"https:\/\/agora.xtec.cat\/zer-pedrera\/wp-json\/wp\/v2\/tags?post=9897"}],"curies":[{"name":"wp","href":"https:\/\/api.w.org\/{rel}","templated":true}]}}