{"id":9891,"date":"2025-11-16T18:39:54","date_gmt":"2025-11-16T17:39:54","guid":{"rendered":"https:\/\/agora.xtec.cat\/zer-pedrera\/?p=9891"},"modified":"2025-11-16T18:39:54","modified_gmt":"2025-11-16T17:39:54","slug":"ei-de-lescola-abat-ruera-les-seriacions-matematiques","status":"publish","type":"post","link":"https:\/\/agora.xtec.cat\/zer-pedrera\/general\/ei-de-lescola-abat-ruera-les-seriacions-matematiques\/","title":{"rendered":"EI de l&#8217;escola Abat Ruera. Les seriacions matem\u00e0tiques"},"content":{"rendered":"<p data-start=\"157\" data-end=\"612\">Treballar les <strong data-start=\"171\" data-end=\"185\">seriacions<\/strong> a l\u2019educaci\u00f3 infantil \u00e9s fonamental per al desenvolupament del pensament l\u00f2gic i matem\u00e0tic dels nens i nenes. Les seriacions consisteixen a ordenar objectes segons una caracter\u00edstica concreta, com la mida, el color o la forma. Aquesta activitat ajuda els infants a recon\u00e8ixer patrons, comparar objectes i comprendre conceptes d\u2019ordre i seq\u00fc\u00e8ncia, habilitats b\u00e0siques per a la resoluci\u00f3 de problemes i el raonament matem\u00e0tic.<\/p>\n<p data-start=\"614\" data-end=\"1117\">Quan es fan servir <strong data-start=\"633\" data-end=\"658\">elements de la tardor<\/strong>, com fulles, castanyes, pinyes o fruites, l\u2019activitat es torna m\u00e9s atractiva i significativa. Els nens poden agrupar i ordenar aquests objectes segons la mida, el color o la forma, cosa que combina l\u2019aprenentatge matem\u00e0tic amb l\u2019experimentaci\u00f3 sensorial i la descoberta del m\u00f3n natural. A m\u00e9s, aquestes activitats fomenten la concentraci\u00f3, la coordinaci\u00f3 motriu fina i la creativitat, ja que els infants poden inventar els seus propis criteris d\u2019ordenaci\u00f3.<\/p>\n<p data-start=\"614\" data-end=\"1117\">Per veure m\u00e9s fotografies clicar la imatge.<\/p>\n<p data-start=\"614\" data-end=\"1117\"><a href=\"https:\/\/photos.app.goo.gl\/ZwSFF1qBd8CJaSGaA\" target=\"_blank\" rel=\"noopener\"><img loading=\"lazy\" decoding=\"async\" class=\"alignnone size-full wp-image-9894\" src=\"https:\/\/agora.xtec.cat\/zer-pedrera\/wp-content\/uploads\/usu1473\/2025\/11\/IMG-20251104-WA0034.jpg\" alt=\"\" width=\"300\" height=\"533\" srcset=\"https:\/\/agora.xtec.cat\/zer-pedrera\/wp-content\/uploads\/usu1473\/2025\/11\/IMG-20251104-WA0034.jpg 300w, https:\/\/agora.xtec.cat\/zer-pedrera\/wp-content\/uploads\/usu1473\/2025\/11\/IMG-20251104-WA0034-169x300.jpg 169w\" sizes=\"auto, (max-width: 300px) 100vw, 300px\" \/><\/a><\/p>\n<p data-start=\"614\" data-end=\"1117\">\n","protected":false},"excerpt":{"rendered":"<p>Treballar les seriacions a l\u2019educaci\u00f3 infantil \u00e9s fonamental per al desenvolupament del pensament l\u00f2gic i matem\u00e0tic dels nens i nenes. Les seriacions consisteixen a ordenar objectes segons una caracter\u00edstica concreta, com la mida, el color o la forma. Aquesta activitat ajuda els infants a recon\u00e8ixer&hellip;  <a href=\"https:\/\/agora.xtec.cat\/zer-pedrera\/general\/ei-de-lescola-abat-ruera-les-seriacions-matematiques\/\" title=\"Read EI de l&#8217;escola Abat Ruera. Les seriacions matem\u00e0tiques\">Llegeix m\u00e9s\u00bb<\/a><\/p>\n","protected":false},"author":1,"featured_media":9894,"comment_status":"open","ping_status":"open","sticky":false,"template":"","format":"standard","meta":{"_bbp_topic_count":0,"_bbp_reply_count":0,"_bbp_total_topic_count":0,"_bbp_total_reply_count":0,"_bbp_voice_count":0,"_bbp_anonymous_reply_count":0,"_bbp_topic_count_hidden":0,"_bbp_reply_count_hidden":0,"_bbp_forum_subforum_count":0,"footnotes":""},"categories":[113,110,1,126,116,29],"tags":[],"class_list":["post-9891","post","type-post","status-publish","format-standard","has-post-thumbnail","hentry","category-e-infantil","category-escola-abat-ruera","category-general","category-matematiques","category-medi","category-portada"],"post_mailing_queue_ids":[],"_links":{"self":[{"href":"https:\/\/agora.xtec.cat\/zer-pedrera\/wp-json\/wp\/v2\/posts\/9891","targetHints":{"allow":["GET"]}}],"collection":[{"href":"https:\/\/agora.xtec.cat\/zer-pedrera\/wp-json\/wp\/v2\/posts"}],"about":[{"href":"https:\/\/agora.xtec.cat\/zer-pedrera\/wp-json\/wp\/v2\/types\/post"}],"author":[{"embeddable":true,"href":"https:\/\/agora.xtec.cat\/zer-pedrera\/wp-json\/wp\/v2\/users\/1"}],"replies":[{"embeddable":true,"href":"https:\/\/agora.xtec.cat\/zer-pedrera\/wp-json\/wp\/v2\/comments?post=9891"}],"version-history":[{"count":3,"href":"https:\/\/agora.xtec.cat\/zer-pedrera\/wp-json\/wp\/v2\/posts\/9891\/revisions"}],"predecessor-version":[{"id":9895,"href":"https:\/\/agora.xtec.cat\/zer-pedrera\/wp-json\/wp\/v2\/posts\/9891\/revisions\/9895"}],"wp:featuredmedia":[{"embeddable":true,"href":"https:\/\/agora.xtec.cat\/zer-pedrera\/wp-json\/wp\/v2\/media\/9894"}],"wp:attachment":[{"href":"https:\/\/agora.xtec.cat\/zer-pedrera\/wp-json\/wp\/v2\/media?parent=9891"}],"wp:term":[{"taxonomy":"category","embeddable":true,"href":"https:\/\/agora.xtec.cat\/zer-pedrera\/wp-json\/wp\/v2\/categories?post=9891"},{"taxonomy":"post_tag","embeddable":true,"href":"https:\/\/agora.xtec.cat\/zer-pedrera\/wp-json\/wp\/v2\/tags?post=9891"}],"curies":[{"name":"wp","href":"https:\/\/api.w.org\/{rel}","templated":true}]}}