{"id":9888,"date":"2025-11-11T15:10:44","date_gmt":"2025-11-11T14:10:44","guid":{"rendered":"https:\/\/agora.xtec.cat\/zer-pedrera\/?p=9888"},"modified":"2025-11-11T15:10:44","modified_gmt":"2025-11-11T14:10:44","slug":"educacio-primaria-de-lescola-abat-ruera-taller-els-tres-porquets","status":"publish","type":"post","link":"https:\/\/agora.xtec.cat\/zer-pedrera\/general\/educacio-primaria-de-lescola-abat-ruera-taller-els-tres-porquets\/","title":{"rendered":"Educaci\u00f3 Prim\u00e0ria de l&#8217;escola Abat Ruera. Taller Els tres porquets"},"content":{"rendered":"<p>Des del Bibliob\u00fas van venir a fer-nos un taller molt i molt interessant. A partir de la versi\u00f3 del conte <em data-start=\"168\" data-end=\"187\">Els tres porquets<\/em>, tot l\u2019alumnat de prim\u00e0ria va crear la seva pr\u00f2pia casa seguint la seva imaginaci\u00f3. Cada casa va ser \u00fanica i diferent, plena de detalls originals i creatius.<\/p>\n<p>Per veure m\u00e9s fotografies clicar damunt de la imatge.<\/p>\n<p><a href=\"https:\/\/photos.app.goo.gl\/1g5hmXQv295zHcfc6\" target=\"_blank\" rel=\"noopener\"><img loading=\"lazy\" decoding=\"async\" class=\"alignnone size-full wp-image-9889\" src=\"https:\/\/agora.xtec.cat\/zer-pedrera\/wp-content\/uploads\/usu1473\/2025\/11\/IMG-20251105-WA0074.jpg\" alt=\"\" width=\"300\" height=\"276\" \/><\/a><\/p>\n<p>&nbsp;<\/p>\n","protected":false},"excerpt":{"rendered":"<p>Des del Bibliob\u00fas van venir a fer-nos un taller molt i molt interessant. A partir de la versi\u00f3 del conte Els tres porquets, tot l\u2019alumnat de prim\u00e0ria va crear la seva pr\u00f2pia casa seguint la seva imaginaci\u00f3. Cada casa va ser \u00fanica i diferent, plena&hellip;  <a href=\"https:\/\/agora.xtec.cat\/zer-pedrera\/general\/educacio-primaria-de-lescola-abat-ruera-taller-els-tres-porquets\/\" title=\"Read Educaci\u00f3 Prim\u00e0ria de l&#8217;escola Abat Ruera. Taller Els tres porquets\">Llegeix m\u00e9s\u00bb<\/a><\/p>\n","protected":false},"author":1,"featured_media":9889,"comment_status":"open","ping_status":"open","sticky":false,"template":"","format":"standard","meta":{"_bbp_topic_count":0,"_bbp_reply_count":0,"_bbp_total_topic_count":0,"_bbp_total_reply_count":0,"_bbp_voice_count":0,"_bbp_anonymous_reply_count":0,"_bbp_topic_count_hidden":0,"_bbp_reply_count_hidden":0,"_bbp_forum_subforum_count":0,"footnotes":""},"categories":[181,125,110,1,29,89],"tags":[],"class_list":["post-9888","post","type-post","status-publish","format-standard","has-post-thumbnail","hentry","category-biblioteca-escolar","category-catala","category-escola-abat-ruera","category-general","category-portada","category-primaria"],"post_mailing_queue_ids":[],"_links":{"self":[{"href":"https:\/\/agora.xtec.cat\/zer-pedrera\/wp-json\/wp\/v2\/posts\/9888","targetHints":{"allow":["GET"]}}],"collection":[{"href":"https:\/\/agora.xtec.cat\/zer-pedrera\/wp-json\/wp\/v2\/posts"}],"about":[{"href":"https:\/\/agora.xtec.cat\/zer-pedrera\/wp-json\/wp\/v2\/types\/post"}],"author":[{"embeddable":true,"href":"https:\/\/agora.xtec.cat\/zer-pedrera\/wp-json\/wp\/v2\/users\/1"}],"replies":[{"embeddable":true,"href":"https:\/\/agora.xtec.cat\/zer-pedrera\/wp-json\/wp\/v2\/comments?post=9888"}],"version-history":[{"count":1,"href":"https:\/\/agora.xtec.cat\/zer-pedrera\/wp-json\/wp\/v2\/posts\/9888\/revisions"}],"predecessor-version":[{"id":9890,"href":"https:\/\/agora.xtec.cat\/zer-pedrera\/wp-json\/wp\/v2\/posts\/9888\/revisions\/9890"}],"wp:featuredmedia":[{"embeddable":true,"href":"https:\/\/agora.xtec.cat\/zer-pedrera\/wp-json\/wp\/v2\/media\/9889"}],"wp:attachment":[{"href":"https:\/\/agora.xtec.cat\/zer-pedrera\/wp-json\/wp\/v2\/media?parent=9888"}],"wp:term":[{"taxonomy":"category","embeddable":true,"href":"https:\/\/agora.xtec.cat\/zer-pedrera\/wp-json\/wp\/v2\/categories?post=9888"},{"taxonomy":"post_tag","embeddable":true,"href":"https:\/\/agora.xtec.cat\/zer-pedrera\/wp-json\/wp\/v2\/tags?post=9888"}],"curies":[{"name":"wp","href":"https:\/\/api.w.org\/{rel}","templated":true}]}}