{"id":9851,"date":"2025-11-03T13:30:48","date_gmt":"2025-11-03T12:30:48","guid":{"rendered":"https:\/\/agora.xtec.cat\/zer-pedrera\/?p=9851"},"modified":"2025-11-03T13:30:48","modified_gmt":"2025-11-03T12:30:48","slug":"experimentem-amb-safates-de-la-tardor-infantil-porcel-de-cervera","status":"publish","type":"post","link":"https:\/\/agora.xtec.cat\/zer-pedrera\/general\/experimentem-amb-safates-de-la-tardor-infantil-porcel-de-cervera\/","title":{"rendered":"Experimentem amb safates de la tardor. Infantil Porcel de Cervera."},"content":{"rendered":"<p data-start=\"181\" data-end=\"466\">L&#8217;alumnat d&#8217;infantil seguim amb les propostes de tardor. Aquest cop hem creat safates d\u2019experimentaci\u00f3 inspirades en els tons propis d\u2019aquesta estaci\u00f3. Per comen\u00e7ar hem pintat arr\u00f2s de colors de tardor, una activitat que els ha perm\u00e8s observar com el gra canvia d\u2019aspecte i desenvolupar la motricitat fina. Un cop sec, l&#8217;hem utilitzat per crear els nostres propis mini mons combinant-lo amb fulles seques, pinyes, troncs i altres elements naturals. Ha estat una experi\u00e8ncia molt divertida que ha perm\u00e8s als infants connectar amb la tardor a trav\u00e9s del joc lliure, l\u2019expressi\u00f3 art\u00edstica i l\u2019experimentaci\u00f3 sensorial.<\/p>\n<p data-start=\"181\" data-end=\"466\">Cliqueu per veure fotografies.<a href=\"https:\/\/photos.app.goo.gl\/Br1ymv4N4MdrUSGA7\">https:\/\/photos.app.goo.gl\/Br1ymv4N4MdrUSGA7<\/a><\/p>\n","protected":false},"excerpt":{"rendered":"<p>L&#8217;alumnat d&#8217;infantil seguim amb les propostes de tardor. Aquest cop hem creat safates d\u2019experimentaci\u00f3 inspirades en els tons propis d\u2019aquesta estaci\u00f3. Per comen\u00e7ar hem pintat arr\u00f2s de colors de tardor, una activitat que els ha perm\u00e8s observar com el gra canvia d\u2019aspecte i desenvolupar la&hellip;  <a href=\"https:\/\/agora.xtec.cat\/zer-pedrera\/general\/experimentem-amb-safates-de-la-tardor-infantil-porcel-de-cervera\/\" title=\"Read Experimentem amb safates de la tardor. Infantil Porcel de Cervera.\">Llegeix m\u00e9s\u00bb<\/a><\/p>\n","protected":false},"author":1,"featured_media":9875,"comment_status":"open","ping_status":"open","sticky":false,"template":"","format":"standard","meta":{"_bbp_topic_count":0,"_bbp_reply_count":0,"_bbp_total_topic_count":0,"_bbp_total_reply_count":0,"_bbp_voice_count":0,"_bbp_anonymous_reply_count":0,"_bbp_topic_count_hidden":0,"_bbp_reply_count_hidden":0,"_bbp_forum_subforum_count":0,"footnotes":""},"categories":[111,1,29],"tags":[],"class_list":["post-9851","post","type-post","status-publish","format-standard","has-post-thumbnail","hentry","category-escola-porcel-de-cervera","category-general","category-portada"],"post_mailing_queue_ids":[],"_links":{"self":[{"href":"https:\/\/agora.xtec.cat\/zer-pedrera\/wp-json\/wp\/v2\/posts\/9851","targetHints":{"allow":["GET"]}}],"collection":[{"href":"https:\/\/agora.xtec.cat\/zer-pedrera\/wp-json\/wp\/v2\/posts"}],"about":[{"href":"https:\/\/agora.xtec.cat\/zer-pedrera\/wp-json\/wp\/v2\/types\/post"}],"author":[{"embeddable":true,"href":"https:\/\/agora.xtec.cat\/zer-pedrera\/wp-json\/wp\/v2\/users\/1"}],"replies":[{"embeddable":true,"href":"https:\/\/agora.xtec.cat\/zer-pedrera\/wp-json\/wp\/v2\/comments?post=9851"}],"version-history":[{"count":2,"href":"https:\/\/agora.xtec.cat\/zer-pedrera\/wp-json\/wp\/v2\/posts\/9851\/revisions"}],"predecessor-version":[{"id":9876,"href":"https:\/\/agora.xtec.cat\/zer-pedrera\/wp-json\/wp\/v2\/posts\/9851\/revisions\/9876"}],"wp:featuredmedia":[{"embeddable":true,"href":"https:\/\/agora.xtec.cat\/zer-pedrera\/wp-json\/wp\/v2\/media\/9875"}],"wp:attachment":[{"href":"https:\/\/agora.xtec.cat\/zer-pedrera\/wp-json\/wp\/v2\/media?parent=9851"}],"wp:term":[{"taxonomy":"category","embeddable":true,"href":"https:\/\/agora.xtec.cat\/zer-pedrera\/wp-json\/wp\/v2\/categories?post=9851"},{"taxonomy":"post_tag","embeddable":true,"href":"https:\/\/agora.xtec.cat\/zer-pedrera\/wp-json\/wp\/v2\/tags?post=9851"}],"curies":[{"name":"wp","href":"https:\/\/api.w.org\/{rel}","templated":true}]}}