{"id":9836,"date":"2025-10-29T11:24:37","date_gmt":"2025-10-29T10:24:37","guid":{"rendered":"https:\/\/agora.xtec.cat\/zer-pedrera\/?p=9836"},"modified":"2025-10-29T11:24:37","modified_gmt":"2025-10-29T10:24:37","slug":"descobrim-el-funcionament-dels-musculs-ci-porcel-de-cervera","status":"publish","type":"post","link":"https:\/\/agora.xtec.cat\/zer-pedrera\/general\/descobrim-el-funcionament-dels-musculs-ci-porcel-de-cervera\/","title":{"rendered":"Descobrim el funcionament dels m\u00fasculs. CI Porcel de Cervera."},"content":{"rendered":"<p><span style=\"font-weight: 400;\">Seguim descobrint el funcionament del nostre cos. Aquesta vegada hem treballat els m\u00fasculs del cos hum\u00e0 i hem descobert curiositats molt interessants, com que n\u2019hi ha m\u00e9s de 600 i que alguns, com el cor, no deixen mai de bategar! Hem apr\u00e8s quina \u00e9s la seva funci\u00f3 i com ens ajuden a fer moviments. Per acabar, hem creat els nostres propis m\u00fasculs amb plastilina per entendre millor com s\u00f3n i com treballen dins del cos.<\/span><\/p>\n<p>&nbsp;<\/p>\n<p>Cliqueu enlla\u00e7 per veure fotos.<\/p>\n<p><a href=\"https:\/\/photos.app.goo.gl\/Z36BYFbzcSBeLfAB8\">https:\/\/photos.app.goo.gl\/Z36BYFbzcSBeLfAB8<\/a><\/p>\n","protected":false},"excerpt":{"rendered":"<p>Seguim descobrint el funcionament del nostre cos. Aquesta vegada hem treballat els m\u00fasculs del cos hum\u00e0 i hem descobert curiositats molt interessants, com que n\u2019hi ha m\u00e9s de 600 i que alguns, com el cor, no deixen mai de bategar! Hem apr\u00e8s quina \u00e9s la&hellip;  <a href=\"https:\/\/agora.xtec.cat\/zer-pedrera\/general\/descobrim-el-funcionament-dels-musculs-ci-porcel-de-cervera\/\" title=\"Read Descobrim el funcionament dels m\u00fasculs. CI Porcel de Cervera.\">Llegeix m\u00e9s\u00bb<\/a><\/p>\n","protected":false},"author":1,"featured_media":9841,"comment_status":"open","ping_status":"open","sticky":false,"template":"","format":"standard","meta":{"_bbp_topic_count":0,"_bbp_reply_count":0,"_bbp_total_topic_count":0,"_bbp_total_reply_count":0,"_bbp_voice_count":0,"_bbp_anonymous_reply_count":0,"_bbp_topic_count_hidden":0,"_bbp_reply_count_hidden":0,"_bbp_forum_subforum_count":0,"footnotes":""},"categories":[111,1,29,89],"tags":[],"class_list":["post-9836","post","type-post","status-publish","format-standard","has-post-thumbnail","hentry","category-escola-porcel-de-cervera","category-general","category-portada","category-primaria"],"post_mailing_queue_ids":[],"_links":{"self":[{"href":"https:\/\/agora.xtec.cat\/zer-pedrera\/wp-json\/wp\/v2\/posts\/9836","targetHints":{"allow":["GET"]}}],"collection":[{"href":"https:\/\/agora.xtec.cat\/zer-pedrera\/wp-json\/wp\/v2\/posts"}],"about":[{"href":"https:\/\/agora.xtec.cat\/zer-pedrera\/wp-json\/wp\/v2\/types\/post"}],"author":[{"embeddable":true,"href":"https:\/\/agora.xtec.cat\/zer-pedrera\/wp-json\/wp\/v2\/users\/1"}],"replies":[{"embeddable":true,"href":"https:\/\/agora.xtec.cat\/zer-pedrera\/wp-json\/wp\/v2\/comments?post=9836"}],"version-history":[{"count":2,"href":"https:\/\/agora.xtec.cat\/zer-pedrera\/wp-json\/wp\/v2\/posts\/9836\/revisions"}],"predecessor-version":[{"id":9842,"href":"https:\/\/agora.xtec.cat\/zer-pedrera\/wp-json\/wp\/v2\/posts\/9836\/revisions\/9842"}],"wp:featuredmedia":[{"embeddable":true,"href":"https:\/\/agora.xtec.cat\/zer-pedrera\/wp-json\/wp\/v2\/media\/9841"}],"wp:attachment":[{"href":"https:\/\/agora.xtec.cat\/zer-pedrera\/wp-json\/wp\/v2\/media?parent=9836"}],"wp:term":[{"taxonomy":"category","embeddable":true,"href":"https:\/\/agora.xtec.cat\/zer-pedrera\/wp-json\/wp\/v2\/categories?post=9836"},{"taxonomy":"post_tag","embeddable":true,"href":"https:\/\/agora.xtec.cat\/zer-pedrera\/wp-json\/wp\/v2\/tags?post=9836"}],"curies":[{"name":"wp","href":"https:\/\/api.w.org\/{rel}","templated":true}]}}