{"id":9824,"date":"2025-11-11T15:10:17","date_gmt":"2025-11-11T14:10:17","guid":{"rendered":"https:\/\/agora.xtec.cat\/zer-pedrera\/?p=9824"},"modified":"2025-11-11T15:10:17","modified_gmt":"2025-11-11T14:10:17","slug":"escola-abat-ruera-lhort","status":"publish","type":"post","link":"https:\/\/agora.xtec.cat\/zer-pedrera\/general\/escola-abat-ruera-lhort\/","title":{"rendered":"Escola Abat Ruera. L&#8217;hort"},"content":{"rendered":"<p data-start=\"62\" data-end=\"508\">El passat 25 d\u2019octubre estava programada la jornada mediambiental amb la participaci\u00f3 de les fam\u00edlies, una activitat molt especial que hav\u00edem preparat amb il\u00b7lusi\u00f3 per tal de potenciar la col\u00b7laboraci\u00f3 entre escola i comunitat, i alhora fomentar el respecte pel medi ambient. Malauradament, les condicions meteorol\u00f2giques no van acompanyar i, a causa de la pluja, ens vam veure obligats a anul\u00b7lar la proposta tal com estava prevista inicialment.<\/p>\n<p data-start=\"510\" data-end=\"970\">Tot i aix\u00ed, el planter ja estava adquirit i llest per ser plantat, de manera que no vol\u00edem perdre l\u2019oportunitat de continuar avan\u00e7ant amb el nostre projecte de cura dels espais verds del centre. Per aquest motiu, el dia 27 d\u2019octubre l\u2019alumnat va dur a terme la plantaci\u00f3 dins de l\u2019horari escolar. Els infants van gaudir molt de l\u2019experi\u00e8ncia i van poder aprendre la import\u00e0ncia de tenir cura de l\u2019entorn i de contribuir activament a la millora del nostre pati.<\/p>\n<p data-start=\"510\" data-end=\"970\">Per veure m\u00e9s fotografies clicar damunt de la imatge.<\/p>\n<p data-start=\"510\" data-end=\"970\"><a href=\"https:\/\/photos.app.goo.gl\/rB6CoMaZJMaHMqpN7\" target=\"_blank\" rel=\"noopener\"><img loading=\"lazy\" decoding=\"async\" class=\"alignnone wp-image-9853\" src=\"https:\/\/agora.xtec.cat\/zer-pedrera\/wp-content\/uploads\/usu1473\/2025\/10\/IMG-20251027-WA0010-1024x526.jpeg\" alt=\"\" width=\"413\" height=\"212\" srcset=\"https:\/\/agora.xtec.cat\/zer-pedrera\/wp-content\/uploads\/usu1473\/2025\/10\/IMG-20251027-WA0010-1024x526.jpeg 1024w, https:\/\/agora.xtec.cat\/zer-pedrera\/wp-content\/uploads\/usu1473\/2025\/10\/IMG-20251027-WA0010-300x154.jpeg 300w, https:\/\/agora.xtec.cat\/zer-pedrera\/wp-content\/uploads\/usu1473\/2025\/10\/IMG-20251027-WA0010-768x395.jpeg 768w, https:\/\/agora.xtec.cat\/zer-pedrera\/wp-content\/uploads\/usu1473\/2025\/10\/IMG-20251027-WA0010-1536x789.jpeg 1536w, https:\/\/agora.xtec.cat\/zer-pedrera\/wp-content\/uploads\/usu1473\/2025\/10\/IMG-20251027-WA0010-2048x1052.jpeg 2048w\" sizes=\"auto, (max-width: 413px) 100vw, 413px\" \/><\/a><\/p>\n","protected":false},"excerpt":{"rendered":"<p>El passat 25 d\u2019octubre estava programada la jornada mediambiental amb la participaci\u00f3 de les fam\u00edlies, una activitat molt especial que hav\u00edem preparat amb il\u00b7lusi\u00f3 per tal de potenciar la col\u00b7laboraci\u00f3 entre escola i comunitat, i alhora fomentar el respecte pel medi ambient. Malauradament, les condicions&hellip;  <a href=\"https:\/\/agora.xtec.cat\/zer-pedrera\/general\/escola-abat-ruera-lhort\/\" title=\"Read Escola Abat Ruera. L&#8217;hort\">Llegeix m\u00e9s\u00bb<\/a><\/p>\n","protected":false},"author":1,"featured_media":9853,"comment_status":"open","ping_status":"open","sticky":false,"template":"","format":"standard","meta":{"_bbp_topic_count":0,"_bbp_reply_count":0,"_bbp_total_topic_count":0,"_bbp_total_reply_count":0,"_bbp_voice_count":0,"_bbp_anonymous_reply_count":0,"_bbp_topic_count_hidden":0,"_bbp_reply_count_hidden":0,"_bbp_forum_subforum_count":0,"footnotes":""},"categories":[113,110,1,114,116,29,89],"tags":[],"class_list":["post-9824","post","type-post","status-publish","format-standard","has-post-thumbnail","hentry","category-e-infantil","category-escola-abat-ruera","category-general","category-hort","category-medi","category-portada","category-primaria"],"post_mailing_queue_ids":[],"_links":{"self":[{"href":"https:\/\/agora.xtec.cat\/zer-pedrera\/wp-json\/wp\/v2\/posts\/9824","targetHints":{"allow":["GET"]}}],"collection":[{"href":"https:\/\/agora.xtec.cat\/zer-pedrera\/wp-json\/wp\/v2\/posts"}],"about":[{"href":"https:\/\/agora.xtec.cat\/zer-pedrera\/wp-json\/wp\/v2\/types\/post"}],"author":[{"embeddable":true,"href":"https:\/\/agora.xtec.cat\/zer-pedrera\/wp-json\/wp\/v2\/users\/1"}],"replies":[{"embeddable":true,"href":"https:\/\/agora.xtec.cat\/zer-pedrera\/wp-json\/wp\/v2\/comments?post=9824"}],"version-history":[{"count":2,"href":"https:\/\/agora.xtec.cat\/zer-pedrera\/wp-json\/wp\/v2\/posts\/9824\/revisions"}],"predecessor-version":[{"id":9854,"href":"https:\/\/agora.xtec.cat\/zer-pedrera\/wp-json\/wp\/v2\/posts\/9824\/revisions\/9854"}],"wp:featuredmedia":[{"embeddable":true,"href":"https:\/\/agora.xtec.cat\/zer-pedrera\/wp-json\/wp\/v2\/media\/9853"}],"wp:attachment":[{"href":"https:\/\/agora.xtec.cat\/zer-pedrera\/wp-json\/wp\/v2\/media?parent=9824"}],"wp:term":[{"taxonomy":"category","embeddable":true,"href":"https:\/\/agora.xtec.cat\/zer-pedrera\/wp-json\/wp\/v2\/categories?post=9824"},{"taxonomy":"post_tag","embeddable":true,"href":"https:\/\/agora.xtec.cat\/zer-pedrera\/wp-json\/wp\/v2\/tags?post=9824"}],"curies":[{"name":"wp","href":"https:\/\/api.w.org\/{rel}","templated":true}]}}