{"id":9812,"date":"2025-11-16T19:00:53","date_gmt":"2025-11-16T18:00:53","guid":{"rendered":"https:\/\/agora.xtec.cat\/zer-pedrera\/?p=9812"},"modified":"2025-11-16T19:00:53","modified_gmt":"2025-11-16T18:00:53","slug":"escola-abat-ruera-trobada-familiar-mediambiental","status":"publish","type":"post","link":"https:\/\/agora.xtec.cat\/zer-pedrera\/general\/escola-abat-ruera-trobada-familiar-mediambiental\/","title":{"rendered":"Escola Abat Ruera. Trobada familiar-Mediambiental"},"content":{"rendered":"<p data-start=\"174\" data-end=\"457\">El passat <strong data-start=\"184\" data-end=\"210\">dissabte, 15 de novembre<\/strong>, vam celebrar una <strong data-start=\"229\" data-end=\"268\">jornada mediambiental i de germanor<\/strong> molt especial a la nostra escola. Va ser un mat\u00ed ple d\u2019emocions, col\u00b7laboraci\u00f3 i bon ambient, on fam\u00edlies, alumnat i mestres vam treballar plegats per millorar els nostres espais comuns.<\/p>\n<p data-start=\"459\" data-end=\"833\">Durant la jornada, vam <strong data-start=\"482\" data-end=\"522\">aplanar i col\u00b7locar herba artificial<\/strong> al pati d\u2019Educaci\u00f3 Infantil, deixant-lo m\u00e9s bonic i c\u00f2mode per als m\u00e9s petits. Tamb\u00e9 vam realitzar les manualitats de la Marat\u00f3 de la TV3 . I, per acabar, vam <strong data-start=\"742\" data-end=\"778\">arreglar el nostre espantaocells<\/strong>, que ara torna a lluir amb orgull entre les plantes.<\/p>\n<p data-start=\"835\" data-end=\"1008\">Va ser una <strong data-start=\"846\" data-end=\"878\">experi\u00e8ncia molt enriquidora<\/strong>, no nom\u00e9s pel resultat aconseguit, sin\u00f3 sobretot pel <strong data-start=\"932\" data-end=\"952\">treball en equip<\/strong> i la il\u00b7lusi\u00f3 compartida per cuidar el nostre entorn.<\/p>\n<p data-start=\"1010\" data-end=\"1255\">Volem <strong data-start=\"1016\" data-end=\"1075\">agrair de tot cor la participaci\u00f3 de totes les fam\u00edlies<\/strong> que vau venir, el vostre temps i la vostra energia. Gr\u00e0cies a vosaltres, aquesta jornada ha estat un \u00e8xit i una mostra preciosa del que podem aconseguir quan treballem junts.<\/p>\n<p data-start=\"1010\" data-end=\"1255\">Per veure les fotografies clicar damunt de la imatge:<\/p>\n<p data-start=\"1010\" data-end=\"1255\"><a href=\"https:\/\/photos.app.goo.gl\/JKvwQaF3vDiCBXcV7\" target=\"_blank\" rel=\"noopener\"><img loading=\"lazy\" decoding=\"async\" class=\"alignnone size-full wp-image-9900\" src=\"https:\/\/agora.xtec.cat\/zer-pedrera\/wp-content\/uploads\/usu1473\/2025\/11\/IMG-20251115-WA0074.jpg\" alt=\"\" width=\"300\" height=\"400\" srcset=\"https:\/\/agora.xtec.cat\/zer-pedrera\/wp-content\/uploads\/usu1473\/2025\/11\/IMG-20251115-WA0074.jpg 300w, https:\/\/agora.xtec.cat\/zer-pedrera\/wp-content\/uploads\/usu1473\/2025\/11\/IMG-20251115-WA0074-225x300.jpg 225w\" sizes=\"auto, (max-width: 300px) 100vw, 300px\" \/><\/a><\/p>\n<p data-start=\"1010\" data-end=\"1255\">\n","protected":false},"excerpt":{"rendered":"<p>El passat dissabte, 15 de novembre, vam celebrar una jornada mediambiental i de germanor molt especial a la nostra escola. Va ser un mat\u00ed ple d\u2019emocions, col\u00b7laboraci\u00f3 i bon ambient, on fam\u00edlies, alumnat i mestres vam treballar plegats per millorar els nostres espais comuns.<br \/>\nDurant la&hellip;  <a href=\"https:\/\/agora.xtec.cat\/zer-pedrera\/general\/escola-abat-ruera-trobada-familiar-mediambiental\/\" title=\"Read Escola Abat Ruera. Trobada familiar-Mediambiental\">Llegeix m\u00e9s\u00bb<\/a><\/p>\n","protected":false},"author":1,"featured_media":9900,"comment_status":"open","ping_status":"open","sticky":false,"template":"","format":"standard","meta":{"_bbp_topic_count":0,"_bbp_reply_count":0,"_bbp_total_topic_count":0,"_bbp_total_reply_count":0,"_bbp_voice_count":0,"_bbp_anonymous_reply_count":0,"_bbp_topic_count_hidden":0,"_bbp_reply_count_hidden":0,"_bbp_forum_subforum_count":0,"footnotes":""},"categories":[113,110,1,29,89],"tags":[],"class_list":["post-9812","post","type-post","status-publish","format-standard","has-post-thumbnail","hentry","category-e-infantil","category-escola-abat-ruera","category-general","category-portada","category-primaria"],"post_mailing_queue_ids":[],"_links":{"self":[{"href":"https:\/\/agora.xtec.cat\/zer-pedrera\/wp-json\/wp\/v2\/posts\/9812","targetHints":{"allow":["GET"]}}],"collection":[{"href":"https:\/\/agora.xtec.cat\/zer-pedrera\/wp-json\/wp\/v2\/posts"}],"about":[{"href":"https:\/\/agora.xtec.cat\/zer-pedrera\/wp-json\/wp\/v2\/types\/post"}],"author":[{"embeddable":true,"href":"https:\/\/agora.xtec.cat\/zer-pedrera\/wp-json\/wp\/v2\/users\/1"}],"replies":[{"embeddable":true,"href":"https:\/\/agora.xtec.cat\/zer-pedrera\/wp-json\/wp\/v2\/comments?post=9812"}],"version-history":[{"count":3,"href":"https:\/\/agora.xtec.cat\/zer-pedrera\/wp-json\/wp\/v2\/posts\/9812\/revisions"}],"predecessor-version":[{"id":9902,"href":"https:\/\/agora.xtec.cat\/zer-pedrera\/wp-json\/wp\/v2\/posts\/9812\/revisions\/9902"}],"wp:featuredmedia":[{"embeddable":true,"href":"https:\/\/agora.xtec.cat\/zer-pedrera\/wp-json\/wp\/v2\/media\/9900"}],"wp:attachment":[{"href":"https:\/\/agora.xtec.cat\/zer-pedrera\/wp-json\/wp\/v2\/media?parent=9812"}],"wp:term":[{"taxonomy":"category","embeddable":true,"href":"https:\/\/agora.xtec.cat\/zer-pedrera\/wp-json\/wp\/v2\/categories?post=9812"},{"taxonomy":"post_tag","embeddable":true,"href":"https:\/\/agora.xtec.cat\/zer-pedrera\/wp-json\/wp\/v2\/tags?post=9812"}],"curies":[{"name":"wp","href":"https:\/\/api.w.org\/{rel}","templated":true}]}}