{"id":9758,"date":"2025-10-13T22:30:40","date_gmt":"2025-10-13T20:30:40","guid":{"rendered":"https:\/\/agora.xtec.cat\/zer-pedrera\/?p=9758"},"modified":"2025-10-13T22:31:13","modified_gmt":"2025-10-13T20:31:13","slug":"escola-abat-ruera-taller-de-maquillatge","status":"publish","type":"post","link":"https:\/\/agora.xtec.cat\/zer-pedrera\/general\/escola-abat-ruera-taller-de-maquillatge\/","title":{"rendered":"Escola Abat Ruera. Taller de maquillatge"},"content":{"rendered":"<p>L\u2019alumnat de l\u2019escola Abat Ruera han participat, el dia 13 d&#8217;octubre, en un divertit i educatiu taller de maquillatge dedicat a Halloween. L\u2019activitat ha tingut com a objectiu ensenyar-los que darrere dels monstres i criatures terror\u00edfiques hi ha creativitat i art, no por real. Els infants han apr\u00e8s t\u00e8cniques b\u00e0siques de maquillatge per crear ferides, cicatrius i cares monstruoses.<\/p>\n<p>Amb l\u2019ajuda del professorat i de l&#8217;experta l&#8217;Imma que ha vingut a la nostra escola, han experimentat amb colors, textures i materials segurs per a la pell. El taller ha ajudat els alumnes m\u00e9s petits a perdre la por davant d\u2019aquests personatges.<\/p>\n<p>L\u2019experi\u00e8ncia ha estat tot un \u00e8xit.<\/p>\n<p>Moltes gr\u00e0cies Imma per dedicar part del teu temps per realitzar-nos aquest s\u00faper taller.<\/p>\n<p>Per veure m\u00e9s fotografies clicar damunt de la imatge.<\/p>\n<p><a href=\"https:\/\/photos.app.goo.gl\/RmUQkPJnY2XpB3b49\" target=\"_blank\" rel=\"noopener\"><img loading=\"lazy\" decoding=\"async\" class=\"alignnone size-full wp-image-9763\" src=\"https:\/\/agora.xtec.cat\/zer-pedrera\/wp-content\/uploads\/usu1473\/2025\/10\/IMG-20251013-WA0061.jpg\" alt=\"\" width=\"300\" height=\"161\" \/><\/a><\/p>\n<p>&nbsp;<\/p>\n<p>&nbsp;<\/p>\n","protected":false},"excerpt":{"rendered":"<p>L\u2019alumnat de l\u2019escola Abat Ruera han participat, el dia 13 d&#8217;octubre, en un divertit i educatiu taller de maquillatge dedicat a Halloween. L\u2019activitat ha tingut com a objectiu ensenyar-los que darrere dels monstres i criatures terror\u00edfiques hi ha creativitat i art, no por real. Els&hellip;  <a href=\"https:\/\/agora.xtec.cat\/zer-pedrera\/general\/escola-abat-ruera-taller-de-maquillatge\/\" title=\"Read Escola Abat Ruera. Taller de maquillatge\">Llegeix m\u00e9s\u00bb<\/a><\/p>\n","protected":false},"author":1,"featured_media":9763,"comment_status":"open","ping_status":"open","sticky":false,"template":"","format":"standard","meta":{"_bbp_topic_count":0,"_bbp_reply_count":0,"_bbp_total_topic_count":0,"_bbp_total_reply_count":0,"_bbp_voice_count":0,"_bbp_anonymous_reply_count":0,"_bbp_topic_count_hidden":0,"_bbp_reply_count_hidden":0,"_bbp_forum_subforum_count":0,"footnotes":""},"categories":[113,110,1,119,29,89],"tags":[],"class_list":["post-9758","post","type-post","status-publish","format-standard","has-post-thumbnail","hentry","category-e-infantil","category-escola-abat-ruera","category-general","category-plastica","category-portada","category-primaria"],"post_mailing_queue_ids":[],"_links":{"self":[{"href":"https:\/\/agora.xtec.cat\/zer-pedrera\/wp-json\/wp\/v2\/posts\/9758","targetHints":{"allow":["GET"]}}],"collection":[{"href":"https:\/\/agora.xtec.cat\/zer-pedrera\/wp-json\/wp\/v2\/posts"}],"about":[{"href":"https:\/\/agora.xtec.cat\/zer-pedrera\/wp-json\/wp\/v2\/types\/post"}],"author":[{"embeddable":true,"href":"https:\/\/agora.xtec.cat\/zer-pedrera\/wp-json\/wp\/v2\/users\/1"}],"replies":[{"embeddable":true,"href":"https:\/\/agora.xtec.cat\/zer-pedrera\/wp-json\/wp\/v2\/comments?post=9758"}],"version-history":[{"count":5,"href":"https:\/\/agora.xtec.cat\/zer-pedrera\/wp-json\/wp\/v2\/posts\/9758\/revisions"}],"predecessor-version":[{"id":9765,"href":"https:\/\/agora.xtec.cat\/zer-pedrera\/wp-json\/wp\/v2\/posts\/9758\/revisions\/9765"}],"wp:featuredmedia":[{"embeddable":true,"href":"https:\/\/agora.xtec.cat\/zer-pedrera\/wp-json\/wp\/v2\/media\/9763"}],"wp:attachment":[{"href":"https:\/\/agora.xtec.cat\/zer-pedrera\/wp-json\/wp\/v2\/media?parent=9758"}],"wp:term":[{"taxonomy":"category","embeddable":true,"href":"https:\/\/agora.xtec.cat\/zer-pedrera\/wp-json\/wp\/v2\/categories?post=9758"},{"taxonomy":"post_tag","embeddable":true,"href":"https:\/\/agora.xtec.cat\/zer-pedrera\/wp-json\/wp\/v2\/tags?post=9758"}],"curies":[{"name":"wp","href":"https:\/\/api.w.org\/{rel}","templated":true}]}}