{"id":9750,"date":"2025-10-12T22:43:22","date_gmt":"2025-10-12T20:43:22","guid":{"rendered":"https:\/\/agora.xtec.cat\/zer-pedrera\/?p=9750"},"modified":"2025-10-13T22:17:42","modified_gmt":"2025-10-13T20:17:42","slug":"escola-abat-ruera-sortida-de-germanor-2","status":"publish","type":"post","link":"https:\/\/agora.xtec.cat\/zer-pedrera\/general\/escola-abat-ruera-sortida-de-germanor-2\/","title":{"rendered":"Escola Abat Ruera. Sortida de Germanor"},"content":{"rendered":"<p>El dia 10 d&#8217;ctubre hem fet una sortida de germanor molt divertida! Els nens i nenes d\u2019Educaci\u00f3 Infantil han anat caminant i els d\u2019Educaci\u00f3 Prim\u00e0ria hem anat amb bicicleta.<\/p>\n<p>Hem visitat els Nous Salts, on hem pogut veure com baixava l\u2019aigua i escoltar el seu soroll refrescant. Despr\u00e9s hem anat a la potabilitzadora, on el David, pare d&#8217;un alumne de l\u2019escola, ens ha explicat com es neteja l\u2019aigua perqu\u00e8 sigui potable. Li volem donar les gr\u00e0cies per la seva explicaci\u00f3 tan interessant!<\/p>\n<p>Tamb\u00e9 hem vist el pou de gel, la font del gat i els animals de la Torre del Jordi. Ens ho hem passat molt b\u00e9 descobrint coses noves i compartint bons moments amb tots els companys i mestres. Ha estat una jornada plena d\u2019aprenentatges i germanor!<\/p>\n<p><a href=\"https:\/\/agora.xtec.cat\/zer-pedrera\/wp-content\/uploads\/usu1473\/2025\/10\/IMG-20251010-WA0111.jpg\"><img loading=\"lazy\" decoding=\"async\" class=\"alignnone size-full wp-image-9755\" src=\"https:\/\/agora.xtec.cat\/zer-pedrera\/wp-content\/uploads\/usu1473\/2025\/10\/IMG-20251010-WA0111.jpg\" alt=\"\" width=\"400\" height=\"301\" srcset=\"https:\/\/agora.xtec.cat\/zer-pedrera\/wp-content\/uploads\/usu1473\/2025\/10\/IMG-20251010-WA0111.jpg 400w, https:\/\/agora.xtec.cat\/zer-pedrera\/wp-content\/uploads\/usu1473\/2025\/10\/IMG-20251010-WA0111-300x226.jpg 300w, https:\/\/agora.xtec.cat\/zer-pedrera\/wp-content\/uploads\/usu1473\/2025\/10\/IMG-20251010-WA0111-200x150.jpg 200w\" sizes=\"auto, (max-width: 400px) 100vw, 400px\" \/><\/a><\/p>\n<p>Per veure m\u00e9s fotografies clicar damunt dels enlla\u00e7os:<\/p>\n<p>Fotografies de l&#8217;alumnat EI clicar <a href=\"https:\/\/photos.app.goo.gl\/jAFbtYL6ffFXbY158\" target=\"_blank\" rel=\"noopener\">AQU\u00cd<\/a><\/p>\n<p>Fotografies de la potabilitzadora clicar <a href=\"https:\/\/photos.app.goo.gl\/T8ieKhW3fehrzqGBA\" target=\"_blank\" rel=\"noopener\">AQU\u00cd<\/a><\/p>\n<p>Fotografies del Pou de Gel clicar <a href=\"https:\/\/photos.app.goo.gl\/udxbnn9mNhpFgmet5\" target=\"_blank\" rel=\"noopener\">AQU\u00cd<\/a><\/p>\n<p>Fotografies de la Font del Gat clicar <a href=\"https:\/\/photos.app.goo.gl\/eNLAHwzUYKCXGQXm6\" target=\"_blank\" rel=\"noopener\">AQU\u00cd<\/a><\/p>\n<p>Fotografies dels animals de la granja clicar <a href=\"https:\/\/photos.app.goo.gl\/Z2uNgNw1xprxd8AW8\" target=\"_blank\" rel=\"noopener\">AQU\u00cd<\/a><\/p>\n<p>&nbsp;<\/p>\n","protected":false},"excerpt":{"rendered":"<p>El dia 10 d&#8217;ctubre hem fet una sortida de germanor molt divertida! Els nens i nenes d\u2019Educaci\u00f3 Infantil han anat caminant i els d\u2019Educaci\u00f3 Prim\u00e0ria hem anat amb bicicleta.<br \/>\nHem visitat els Nous Salts, on hem pogut veure com baixava l\u2019aigua i escoltar el seu soroll&hellip;  <a href=\"https:\/\/agora.xtec.cat\/zer-pedrera\/general\/escola-abat-ruera-sortida-de-germanor-2\/\" title=\"Read Escola Abat Ruera. Sortida de Germanor\">Llegeix m\u00e9s\u00bb<\/a><\/p>\n","protected":false},"author":1,"featured_media":9755,"comment_status":"open","ping_status":"open","sticky":false,"template":"","format":"standard","meta":{"_bbp_topic_count":0,"_bbp_reply_count":0,"_bbp_total_topic_count":0,"_bbp_total_reply_count":0,"_bbp_voice_count":0,"_bbp_anonymous_reply_count":0,"_bbp_topic_count_hidden":0,"_bbp_reply_count_hidden":0,"_bbp_forum_subforum_count":0,"footnotes":""},"categories":[113,110,1,29,89],"tags":[],"class_list":["post-9750","post","type-post","status-publish","format-standard","has-post-thumbnail","hentry","category-e-infantil","category-escola-abat-ruera","category-general","category-portada","category-primaria"],"post_mailing_queue_ids":[],"_links":{"self":[{"href":"https:\/\/agora.xtec.cat\/zer-pedrera\/wp-json\/wp\/v2\/posts\/9750","targetHints":{"allow":["GET"]}}],"collection":[{"href":"https:\/\/agora.xtec.cat\/zer-pedrera\/wp-json\/wp\/v2\/posts"}],"about":[{"href":"https:\/\/agora.xtec.cat\/zer-pedrera\/wp-json\/wp\/v2\/types\/post"}],"author":[{"embeddable":true,"href":"https:\/\/agora.xtec.cat\/zer-pedrera\/wp-json\/wp\/v2\/users\/1"}],"replies":[{"embeddable":true,"href":"https:\/\/agora.xtec.cat\/zer-pedrera\/wp-json\/wp\/v2\/comments?post=9750"}],"version-history":[{"count":6,"href":"https:\/\/agora.xtec.cat\/zer-pedrera\/wp-json\/wp\/v2\/posts\/9750\/revisions"}],"predecessor-version":[{"id":9762,"href":"https:\/\/agora.xtec.cat\/zer-pedrera\/wp-json\/wp\/v2\/posts\/9750\/revisions\/9762"}],"wp:featuredmedia":[{"embeddable":true,"href":"https:\/\/agora.xtec.cat\/zer-pedrera\/wp-json\/wp\/v2\/media\/9755"}],"wp:attachment":[{"href":"https:\/\/agora.xtec.cat\/zer-pedrera\/wp-json\/wp\/v2\/media?parent=9750"}],"wp:term":[{"taxonomy":"category","embeddable":true,"href":"https:\/\/agora.xtec.cat\/zer-pedrera\/wp-json\/wp\/v2\/categories?post=9750"},{"taxonomy":"post_tag","embeddable":true,"href":"https:\/\/agora.xtec.cat\/zer-pedrera\/wp-json\/wp\/v2\/tags?post=9750"}],"curies":[{"name":"wp","href":"https:\/\/api.w.org\/{rel}","templated":true}]}}