{"id":9732,"date":"2025-10-09T14:07:36","date_gmt":"2025-10-09T12:07:36","guid":{"rendered":"https:\/\/agora.xtec.cat\/zer-pedrera\/?p=9732"},"modified":"2025-10-09T14:07:36","modified_gmt":"2025-10-09T12:07:36","slug":"projecte-cos-huma-a-ci-escola-porcel-de-cervera","status":"publish","type":"post","link":"https:\/\/agora.xtec.cat\/zer-pedrera\/general\/projecte-cos-huma-a-ci-escola-porcel-de-cervera\/","title":{"rendered":"Projecte cos hum\u00e0 a CI. Escola Porcel de Cervera."},"content":{"rendered":"<p><span style=\"font-weight: 400;\">Seguint amb el descobriment del nostre cos, aquesta setmana hem estat observant les empremtes dactilars i descobrint les seves formes i peculiaritats, que ens fan \u00fanics a cadasc\u00fa. Tamb\u00e9 hem treballat l\u2019esquelet hum\u00e0, identificant les seves parts principals i la funci\u00f3 que t\u00e9 en el nostre cos. A m\u00e9s, hem apr\u00e8s a recon\u00e8ixer els ossos m\u00e9s importants, com el crani, la columna i els de les extremitats. Tot plegat ens ha ajudat a entendre millor com est\u00e0 organitzat i protegit el cos hum\u00e0.<\/span><\/p>\n<p>Cliqueu per\u00a0 veure les fotos.<a href=\"https:\/\/photos.app.goo.gl\/4EgEb18Kucm2WtKaA\">https:\/\/photos.app.goo.gl\/4EgEb18Kucm2WtKaA<\/a><\/p>\n<p>&nbsp;<\/p>\n","protected":false},"excerpt":{"rendered":"<p>Seguint amb el descobriment del nostre cos, aquesta setmana hem estat observant les empremtes dactilars i descobrint les seves formes i peculiaritats, que ens fan \u00fanics a cadasc\u00fa. Tamb\u00e9 hem treballat l\u2019esquelet hum\u00e0, identificant les seves parts principals i la funci\u00f3 que t\u00e9 en el&hellip;  <a href=\"https:\/\/agora.xtec.cat\/zer-pedrera\/general\/projecte-cos-huma-a-ci-escola-porcel-de-cervera\/\" title=\"Read Projecte cos hum\u00e0 a CI. Escola Porcel de Cervera.\">Llegeix m\u00e9s\u00bb<\/a><\/p>\n","protected":false},"author":1,"featured_media":9733,"comment_status":"open","ping_status":"open","sticky":false,"template":"","format":"standard","meta":{"_bbp_topic_count":0,"_bbp_reply_count":0,"_bbp_total_topic_count":0,"_bbp_total_reply_count":0,"_bbp_voice_count":0,"_bbp_anonymous_reply_count":0,"_bbp_topic_count_hidden":0,"_bbp_reply_count_hidden":0,"_bbp_forum_subforum_count":0,"footnotes":""},"categories":[111,1,29,89],"tags":[],"class_list":["post-9732","post","type-post","status-publish","format-standard","has-post-thumbnail","hentry","category-escola-porcel-de-cervera","category-general","category-portada","category-primaria"],"post_mailing_queue_ids":[],"_links":{"self":[{"href":"https:\/\/agora.xtec.cat\/zer-pedrera\/wp-json\/wp\/v2\/posts\/9732","targetHints":{"allow":["GET"]}}],"collection":[{"href":"https:\/\/agora.xtec.cat\/zer-pedrera\/wp-json\/wp\/v2\/posts"}],"about":[{"href":"https:\/\/agora.xtec.cat\/zer-pedrera\/wp-json\/wp\/v2\/types\/post"}],"author":[{"embeddable":true,"href":"https:\/\/agora.xtec.cat\/zer-pedrera\/wp-json\/wp\/v2\/users\/1"}],"replies":[{"embeddable":true,"href":"https:\/\/agora.xtec.cat\/zer-pedrera\/wp-json\/wp\/v2\/comments?post=9732"}],"version-history":[{"count":1,"href":"https:\/\/agora.xtec.cat\/zer-pedrera\/wp-json\/wp\/v2\/posts\/9732\/revisions"}],"predecessor-version":[{"id":9734,"href":"https:\/\/agora.xtec.cat\/zer-pedrera\/wp-json\/wp\/v2\/posts\/9732\/revisions\/9734"}],"wp:featuredmedia":[{"embeddable":true,"href":"https:\/\/agora.xtec.cat\/zer-pedrera\/wp-json\/wp\/v2\/media\/9733"}],"wp:attachment":[{"href":"https:\/\/agora.xtec.cat\/zer-pedrera\/wp-json\/wp\/v2\/media?parent=9732"}],"wp:term":[{"taxonomy":"category","embeddable":true,"href":"https:\/\/agora.xtec.cat\/zer-pedrera\/wp-json\/wp\/v2\/categories?post=9732"},{"taxonomy":"post_tag","embeddable":true,"href":"https:\/\/agora.xtec.cat\/zer-pedrera\/wp-json\/wp\/v2\/tags?post=9732"}],"curies":[{"name":"wp","href":"https:\/\/api.w.org\/{rel}","templated":true}]}}