{"id":9728,"date":"2025-10-20T15:23:14","date_gmt":"2025-10-20T13:23:14","guid":{"rendered":"https:\/\/agora.xtec.cat\/zer-pedrera\/?p=9728"},"modified":"2025-10-20T15:23:14","modified_gmt":"2025-10-20T13:23:14","slug":"ei-de-lescola-abat-ruera-aprenem-la-dita-de-loctubre","status":"publish","type":"post","link":"https:\/\/agora.xtec.cat\/zer-pedrera\/general\/ei-de-lescola-abat-ruera-aprenem-la-dita-de-loctubre\/","title":{"rendered":"EI de l&#8217;escola Abat Ruera. Aprenem la dita de l&#8217;octubre"},"content":{"rendered":"<p>La tardor ja \u00e9s aqu\u00ed! Els dies es fan m\u00e9s frescos, les fulles canvien de color i, amb la pluja, surten els primers bolets. Aquest mes d\u2019octubre hem apr\u00e8s una nova dita:<br \/>\n\u201cSi a l\u2019octubre plou, el rovell\u00f3 es mou.\u201d A l\u2019escola ja portem un mes de curs, i com els rovellons que es desperten amb l\u2019aigua, nosaltres tamb\u00e9 ens posem en moviment per aprendre i cr\u00e9ixer cada dia una mica m\u00e9s.<\/p>\n<p>Per veure m\u00e9s fotografies clicar damunt de la imatge.<\/p>\n<p><a href=\"https:\/\/photos.app.goo.gl\/wjTa8eo6YPnaEMEi6\" target=\"_blank\" rel=\"noopener\"><img loading=\"lazy\" decoding=\"async\" class=\"alignnone size-full wp-image-9730\" src=\"https:\/\/agora.xtec.cat\/zer-pedrera\/wp-content\/uploads\/usu1473\/2025\/10\/IMG-20251006-WA0032-1.jpg\" alt=\"\" width=\"400\" height=\"300\" srcset=\"https:\/\/agora.xtec.cat\/zer-pedrera\/wp-content\/uploads\/usu1473\/2025\/10\/IMG-20251006-WA0032-1.jpg 400w, https:\/\/agora.xtec.cat\/zer-pedrera\/wp-content\/uploads\/usu1473\/2025\/10\/IMG-20251006-WA0032-1-300x225.jpg 300w, https:\/\/agora.xtec.cat\/zer-pedrera\/wp-content\/uploads\/usu1473\/2025\/10\/IMG-20251006-WA0032-1-200x150.jpg 200w\" sizes=\"auto, (max-width: 400px) 100vw, 400px\" \/><\/a><\/p>\n<p>&nbsp;<\/p>\n","protected":false},"excerpt":{"rendered":"<p>La tardor ja \u00e9s aqu\u00ed! Els dies es fan m\u00e9s frescos, les fulles canvien de color i, amb la pluja, surten els primers bolets. Aquest mes d\u2019octubre hem apr\u00e8s una nova dita:<br \/>\n\u201cSi a l\u2019octubre plou, el rovell\u00f3 es mou.\u201d A l\u2019escola ja portem un mes&hellip;  <a href=\"https:\/\/agora.xtec.cat\/zer-pedrera\/general\/ei-de-lescola-abat-ruera-aprenem-la-dita-de-loctubre\/\" title=\"Read EI de l&#8217;escola Abat Ruera. Aprenem la dita de l&#8217;octubre\">Llegeix m\u00e9s\u00bb<\/a><\/p>\n","protected":false},"author":1,"featured_media":9730,"comment_status":"open","ping_status":"open","sticky":false,"template":"","format":"standard","meta":{"_bbp_topic_count":0,"_bbp_reply_count":0,"_bbp_total_topic_count":0,"_bbp_total_reply_count":0,"_bbp_voice_count":0,"_bbp_anonymous_reply_count":0,"_bbp_topic_count_hidden":0,"_bbp_reply_count_hidden":0,"_bbp_forum_subforum_count":0,"footnotes":""},"categories":[125,113,110,1,116,29],"tags":[],"class_list":["post-9728","post","type-post","status-publish","format-standard","has-post-thumbnail","hentry","category-catala","category-e-infantil","category-escola-abat-ruera","category-general","category-medi","category-portada"],"post_mailing_queue_ids":[],"_links":{"self":[{"href":"https:\/\/agora.xtec.cat\/zer-pedrera\/wp-json\/wp\/v2\/posts\/9728","targetHints":{"allow":["GET"]}}],"collection":[{"href":"https:\/\/agora.xtec.cat\/zer-pedrera\/wp-json\/wp\/v2\/posts"}],"about":[{"href":"https:\/\/agora.xtec.cat\/zer-pedrera\/wp-json\/wp\/v2\/types\/post"}],"author":[{"embeddable":true,"href":"https:\/\/agora.xtec.cat\/zer-pedrera\/wp-json\/wp\/v2\/users\/1"}],"replies":[{"embeddable":true,"href":"https:\/\/agora.xtec.cat\/zer-pedrera\/wp-json\/wp\/v2\/comments?post=9728"}],"version-history":[{"count":2,"href":"https:\/\/agora.xtec.cat\/zer-pedrera\/wp-json\/wp\/v2\/posts\/9728\/revisions"}],"predecessor-version":[{"id":9731,"href":"https:\/\/agora.xtec.cat\/zer-pedrera\/wp-json\/wp\/v2\/posts\/9728\/revisions\/9731"}],"wp:featuredmedia":[{"embeddable":true,"href":"https:\/\/agora.xtec.cat\/zer-pedrera\/wp-json\/wp\/v2\/media\/9730"}],"wp:attachment":[{"href":"https:\/\/agora.xtec.cat\/zer-pedrera\/wp-json\/wp\/v2\/media?parent=9728"}],"wp:term":[{"taxonomy":"category","embeddable":true,"href":"https:\/\/agora.xtec.cat\/zer-pedrera\/wp-json\/wp\/v2\/categories?post=9728"},{"taxonomy":"post_tag","embeddable":true,"href":"https:\/\/agora.xtec.cat\/zer-pedrera\/wp-json\/wp\/v2\/tags?post=9728"}],"curies":[{"name":"wp","href":"https:\/\/api.w.org\/{rel}","templated":true}]}}