{"id":9649,"date":"2025-09-29T15:21:52","date_gmt":"2025-09-29T13:21:52","guid":{"rendered":"https:\/\/agora.xtec.cat\/zer-pedrera\/?p=9649"},"modified":"2025-09-29T15:21:52","modified_gmt":"2025-09-29T13:21:52","slug":"escola-abat-ruera-els-aniversaris","status":"publish","type":"post","link":"https:\/\/agora.xtec.cat\/zer-pedrera\/general\/escola-abat-ruera-els-aniversaris\/","title":{"rendered":"Escola Abat Ruera. Els aniversaris"},"content":{"rendered":"<p>Aquest curs escolar hem creat l&#8217;espai dels aniversaris. A partir d&#8217;ara quan sigui l&#8217;aniversari d&#8217;un alumne, a m\u00e9s de la can\u00e7\u00f3 d&#8217;entrada, hi haur\u00e0 un espai amb un past\u00eds gegant on es posar\u00e0 la fotografia del nostre protagonista.<\/p>\n<p>Qu\u00e8 us sembla la idea?<\/p>\n<p><a href=\"https:\/\/agora.xtec.cat\/zer-pedrera\/wp-content\/uploads\/usu1473\/2025\/09\/IMG-20250913-WA0022.jpg\"><img loading=\"lazy\" decoding=\"async\" class=\"alignnone size-full wp-image-9650\" src=\"https:\/\/agora.xtec.cat\/zer-pedrera\/wp-content\/uploads\/usu1473\/2025\/09\/IMG-20250913-WA0022.jpg\" alt=\"\" width=\"200\" height=\"175\" \/><\/a><\/p>\n<p>&nbsp;<\/p>\n","protected":false},"excerpt":{"rendered":"<p>Aquest curs escolar hem creat l&#8217;espai dels aniversaris. A partir d&#8217;ara quan sigui l&#8217;aniversari d&#8217;un alumne, a m\u00e9s de la can\u00e7\u00f3 d&#8217;entrada, hi haur\u00e0 un espai amb un past\u00eds gegant on es posar\u00e0 la fotografia del nostre protagonista.<br \/>\nQu\u00e8 us sembla la idea?<br \/>\n<a href=\"https:\/\/agora.xtec.cat\/zer-pedrera\/wp-content\/uploads\/usu1473\/2025\/09\/IMG-20250913-WA0022.jpg\"><\/a><br \/>\n&nbsp;<\/p>\n","protected":false},"author":1,"featured_media":9650,"comment_status":"open","ping_status":"open","sticky":false,"template":"","format":"standard","meta":{"_bbp_topic_count":0,"_bbp_reply_count":0,"_bbp_total_topic_count":0,"_bbp_total_reply_count":0,"_bbp_voice_count":0,"_bbp_anonymous_reply_count":0,"_bbp_topic_count_hidden":0,"_bbp_reply_count_hidden":0,"_bbp_forum_subforum_count":0,"footnotes":""},"categories":[113,110,1,29,89],"tags":[],"class_list":["post-9649","post","type-post","status-publish","format-standard","has-post-thumbnail","hentry","category-e-infantil","category-escola-abat-ruera","category-general","category-portada","category-primaria"],"post_mailing_queue_ids":[],"_links":{"self":[{"href":"https:\/\/agora.xtec.cat\/zer-pedrera\/wp-json\/wp\/v2\/posts\/9649","targetHints":{"allow":["GET"]}}],"collection":[{"href":"https:\/\/agora.xtec.cat\/zer-pedrera\/wp-json\/wp\/v2\/posts"}],"about":[{"href":"https:\/\/agora.xtec.cat\/zer-pedrera\/wp-json\/wp\/v2\/types\/post"}],"author":[{"embeddable":true,"href":"https:\/\/agora.xtec.cat\/zer-pedrera\/wp-json\/wp\/v2\/users\/1"}],"replies":[{"embeddable":true,"href":"https:\/\/agora.xtec.cat\/zer-pedrera\/wp-json\/wp\/v2\/comments?post=9649"}],"version-history":[{"count":1,"href":"https:\/\/agora.xtec.cat\/zer-pedrera\/wp-json\/wp\/v2\/posts\/9649\/revisions"}],"predecessor-version":[{"id":9651,"href":"https:\/\/agora.xtec.cat\/zer-pedrera\/wp-json\/wp\/v2\/posts\/9649\/revisions\/9651"}],"wp:featuredmedia":[{"embeddable":true,"href":"https:\/\/agora.xtec.cat\/zer-pedrera\/wp-json\/wp\/v2\/media\/9650"}],"wp:attachment":[{"href":"https:\/\/agora.xtec.cat\/zer-pedrera\/wp-json\/wp\/v2\/media?parent=9649"}],"wp:term":[{"taxonomy":"category","embeddable":true,"href":"https:\/\/agora.xtec.cat\/zer-pedrera\/wp-json\/wp\/v2\/categories?post=9649"},{"taxonomy":"post_tag","embeddable":true,"href":"https:\/\/agora.xtec.cat\/zer-pedrera\/wp-json\/wp\/v2\/tags?post=9649"}],"curies":[{"name":"wp","href":"https:\/\/api.w.org\/{rel}","templated":true}]}}