{"id":9643,"date":"2025-09-21T18:20:33","date_gmt":"2025-09-21T16:20:33","guid":{"rendered":"https:\/\/agora.xtec.cat\/zer-pedrera\/?p=9643"},"modified":"2025-09-21T18:20:33","modified_gmt":"2025-09-21T16:20:33","slug":"escola-abat-ruera-el-capita-gota","status":"publish","type":"post","link":"https:\/\/agora.xtec.cat\/zer-pedrera\/general\/escola-abat-ruera-el-capita-gota\/","title":{"rendered":"Escola Abat Ruera. El Capit\u00e0 Gota"},"content":{"rendered":"<p data-start=\"484\" data-end=\"619\">Dins de la nostra maleta cient\u00edfica estar\u00e0 el Capit\u00e0 Gota que ens acompanyar\u00e0 en els nostres reptes cient\u00edfics. Tenir una mascota com el Capit\u00e0 Gota en un projecte ajuda que els alumnes connectin emocionalment amb els aprenentatges i fa que tinguin m\u00e9s ganes de participar i d\u2019aprendre.<\/p>\n<p data-start=\"484\" data-end=\"619\">Mireu-la!!!<\/p>\n<p data-start=\"484\" data-end=\"619\"><a href=\"https:\/\/agora.xtec.cat\/zer-pedrera\/wp-content\/uploads\/usu1473\/2025\/09\/IMG-20250915-WA0020.jpg\"><img loading=\"lazy\" decoding=\"async\" class=\"alignnone size-full wp-image-9644\" src=\"https:\/\/agora.xtec.cat\/zer-pedrera\/wp-content\/uploads\/usu1473\/2025\/09\/IMG-20250915-WA0020.jpg\" alt=\"\" width=\"300\" height=\"453\" srcset=\"https:\/\/agora.xtec.cat\/zer-pedrera\/wp-content\/uploads\/usu1473\/2025\/09\/IMG-20250915-WA0020.jpg 300w, https:\/\/agora.xtec.cat\/zer-pedrera\/wp-content\/uploads\/usu1473\/2025\/09\/IMG-20250915-WA0020-199x300.jpg 199w\" sizes=\"auto, (max-width: 300px) 100vw, 300px\" \/><\/a><\/p>\n<p data-start=\"484\" data-end=\"619\">\n","protected":false},"excerpt":{"rendered":"<p>Dins de la nostra maleta cient\u00edfica estar\u00e0 el Capit\u00e0 Gota que ens acompanyar\u00e0 en els nostres reptes cient\u00edfics. Tenir una mascota com el Capit\u00e0 Gota en un projecte ajuda que els alumnes connectin emocionalment amb els aprenentatges i fa que tinguin m\u00e9s ganes de participar&hellip;  <a href=\"https:\/\/agora.xtec.cat\/zer-pedrera\/general\/escola-abat-ruera-el-capita-gota\/\" title=\"Read Escola Abat Ruera. El Capit\u00e0 Gota\">Llegeix m\u00e9s\u00bb<\/a><\/p>\n","protected":false},"author":1,"featured_media":9644,"comment_status":"open","ping_status":"open","sticky":false,"template":"","format":"standard","meta":{"_bbp_topic_count":0,"_bbp_reply_count":0,"_bbp_total_topic_count":0,"_bbp_total_reply_count":0,"_bbp_voice_count":0,"_bbp_anonymous_reply_count":0,"_bbp_topic_count_hidden":0,"_bbp_reply_count_hidden":0,"_bbp_forum_subforum_count":0,"footnotes":""},"categories":[113,110,1,116,29,89],"tags":[],"class_list":["post-9643","post","type-post","status-publish","format-standard","has-post-thumbnail","hentry","category-e-infantil","category-escola-abat-ruera","category-general","category-medi","category-portada","category-primaria"],"post_mailing_queue_ids":[],"_links":{"self":[{"href":"https:\/\/agora.xtec.cat\/zer-pedrera\/wp-json\/wp\/v2\/posts\/9643","targetHints":{"allow":["GET"]}}],"collection":[{"href":"https:\/\/agora.xtec.cat\/zer-pedrera\/wp-json\/wp\/v2\/posts"}],"about":[{"href":"https:\/\/agora.xtec.cat\/zer-pedrera\/wp-json\/wp\/v2\/types\/post"}],"author":[{"embeddable":true,"href":"https:\/\/agora.xtec.cat\/zer-pedrera\/wp-json\/wp\/v2\/users\/1"}],"replies":[{"embeddable":true,"href":"https:\/\/agora.xtec.cat\/zer-pedrera\/wp-json\/wp\/v2\/comments?post=9643"}],"version-history":[{"count":2,"href":"https:\/\/agora.xtec.cat\/zer-pedrera\/wp-json\/wp\/v2\/posts\/9643\/revisions"}],"predecessor-version":[{"id":9646,"href":"https:\/\/agora.xtec.cat\/zer-pedrera\/wp-json\/wp\/v2\/posts\/9643\/revisions\/9646"}],"wp:featuredmedia":[{"embeddable":true,"href":"https:\/\/agora.xtec.cat\/zer-pedrera\/wp-json\/wp\/v2\/media\/9644"}],"wp:attachment":[{"href":"https:\/\/agora.xtec.cat\/zer-pedrera\/wp-json\/wp\/v2\/media?parent=9643"}],"wp:term":[{"taxonomy":"category","embeddable":true,"href":"https:\/\/agora.xtec.cat\/zer-pedrera\/wp-json\/wp\/v2\/categories?post=9643"},{"taxonomy":"post_tag","embeddable":true,"href":"https:\/\/agora.xtec.cat\/zer-pedrera\/wp-json\/wp\/v2\/tags?post=9643"}],"curies":[{"name":"wp","href":"https:\/\/api.w.org\/{rel}","templated":true}]}}