{"id":9631,"date":"2025-09-12T16:21:37","date_gmt":"2025-09-12T14:21:37","guid":{"rendered":"https:\/\/agora.xtec.cat\/zer-pedrera\/?p=9631"},"modified":"2025-09-12T16:21:37","modified_gmt":"2025-09-12T14:21:37","slug":"sortida-de-convivencies-curs-25-26-escola-porcel-de-cervera","status":"publish","type":"post","link":"https:\/\/agora.xtec.cat\/zer-pedrera\/general\/sortida-de-convivencies-curs-25-26-escola-porcel-de-cervera\/","title":{"rendered":"Sortida de conviv\u00e8ncies curs 25-26. Escola Porcel de Cervera"},"content":{"rendered":"<p>Avui, per fomentar un dia de conviv\u00e8ncia entre tot l&#8217;alumnat de l&#8217;escola, hem anat a la taula de pedra per compartir una estona de jocs i per enterrar els nostres prop\u00f2sits per aquest cur, simbolitzant el pas de les idees a la projecci\u00f3. Al voltant, hem esmorzat junts i hem jugat, gaudint de l\u2019entorn i de la companyia que ens uneix. Ens ho hem passat molt b\u00e9, descobrint la natura, el temps compartit i de sentir-nos tots m\u00e9s units com a grup. Un record valu\u00f3s que ens impulsa cap al futur.<\/p>\n<p>&nbsp;<\/p>\n<p>Cliqueu l&#8217;enlla\u00e7 per veure les imatges.\u00a0<a href=\"https:\/\/photos.app.goo.gl\/K4n1iCsiT1psdKnv8\">https:\/\/photos.app.goo.gl\/K4n1iCsiT1psdKnv8<\/a><\/p>\n","protected":false},"excerpt":{"rendered":"<p>Avui, per fomentar un dia de conviv\u00e8ncia entre tot l&#8217;alumnat de l&#8217;escola, hem anat a la taula de pedra per compartir una estona de jocs i per enterrar els nostres prop\u00f2sits per aquest cur, simbolitzant el pas de les idees a la projecci\u00f3. Al voltant,&hellip;  <a href=\"https:\/\/agora.xtec.cat\/zer-pedrera\/general\/sortida-de-convivencies-curs-25-26-escola-porcel-de-cervera\/\" title=\"Read Sortida de conviv\u00e8ncies curs 25-26. Escola Porcel de Cervera\">Llegeix m\u00e9s\u00bb<\/a><\/p>\n","protected":false},"author":1,"featured_media":9635,"comment_status":"open","ping_status":"open","sticky":false,"template":"","format":"standard","meta":{"_bbp_topic_count":0,"_bbp_reply_count":0,"_bbp_total_topic_count":0,"_bbp_total_reply_count":0,"_bbp_voice_count":0,"_bbp_anonymous_reply_count":0,"_bbp_topic_count_hidden":0,"_bbp_reply_count_hidden":0,"_bbp_forum_subforum_count":0,"footnotes":""},"categories":[113,111,1,29,89],"tags":[],"class_list":["post-9631","post","type-post","status-publish","format-standard","has-post-thumbnail","hentry","category-e-infantil","category-escola-porcel-de-cervera","category-general","category-portada","category-primaria"],"post_mailing_queue_ids":[],"_links":{"self":[{"href":"https:\/\/agora.xtec.cat\/zer-pedrera\/wp-json\/wp\/v2\/posts\/9631","targetHints":{"allow":["GET"]}}],"collection":[{"href":"https:\/\/agora.xtec.cat\/zer-pedrera\/wp-json\/wp\/v2\/posts"}],"about":[{"href":"https:\/\/agora.xtec.cat\/zer-pedrera\/wp-json\/wp\/v2\/types\/post"}],"author":[{"embeddable":true,"href":"https:\/\/agora.xtec.cat\/zer-pedrera\/wp-json\/wp\/v2\/users\/1"}],"replies":[{"embeddable":true,"href":"https:\/\/agora.xtec.cat\/zer-pedrera\/wp-json\/wp\/v2\/comments?post=9631"}],"version-history":[{"count":2,"href":"https:\/\/agora.xtec.cat\/zer-pedrera\/wp-json\/wp\/v2\/posts\/9631\/revisions"}],"predecessor-version":[{"id":9634,"href":"https:\/\/agora.xtec.cat\/zer-pedrera\/wp-json\/wp\/v2\/posts\/9631\/revisions\/9634"}],"wp:featuredmedia":[{"embeddable":true,"href":"https:\/\/agora.xtec.cat\/zer-pedrera\/wp-json\/wp\/v2\/media\/9635"}],"wp:attachment":[{"href":"https:\/\/agora.xtec.cat\/zer-pedrera\/wp-json\/wp\/v2\/media?parent=9631"}],"wp:term":[{"taxonomy":"category","embeddable":true,"href":"https:\/\/agora.xtec.cat\/zer-pedrera\/wp-json\/wp\/v2\/categories?post=9631"},{"taxonomy":"post_tag","embeddable":true,"href":"https:\/\/agora.xtec.cat\/zer-pedrera\/wp-json\/wp\/v2\/tags?post=9631"}],"curies":[{"name":"wp","href":"https:\/\/api.w.org\/{rel}","templated":true}]}}