{"id":9621,"date":"2025-09-15T16:57:56","date_gmt":"2025-09-15T14:57:56","guid":{"rendered":"https:\/\/agora.xtec.cat\/zer-pedrera\/?p=9621"},"modified":"2025-09-15T16:57:56","modified_gmt":"2025-09-15T14:57:56","slug":"escola-abat-ruera-el-primer-dia-descola","status":"publish","type":"post","link":"https:\/\/agora.xtec.cat\/zer-pedrera\/general\/escola-abat-ruera-el-primer-dia-descola\/","title":{"rendered":"Escola Abat Ruera. El primer dia d&#8217;escola"},"content":{"rendered":"<p>El primer dia d\u2019escola genera una barreja d\u2019emocions tant en mestres com en alumnes. Els mestres se senten il\u00b7lusionats per comen\u00e7ar un nou curs i con\u00e8ixer els seus alumnes. Els alumnes, al seu torn, poden sentir emoci\u00f3, curiositat i una mica de por davant del desconegut. \u00c9s un dia ple d\u2019energia, retrobaments i noves expectatives. Tant uns com els altres esperen viure un curs ple d\u2019aprenentatges i experi\u00e8ncies positives.<\/p>\n<p><a href=\"https:\/\/agora.xtec.cat\/zer-pedrera\/wp-content\/uploads\/usu1473\/2025\/09\/IMG-20250908-WA0024.jpg\"><img loading=\"lazy\" decoding=\"async\" class=\"alignnone size-full wp-image-9622\" src=\"https:\/\/agora.xtec.cat\/zer-pedrera\/wp-content\/uploads\/usu1473\/2025\/09\/IMG-20250908-WA0024.jpg\" alt=\"\" width=\"300\" height=\"300\" srcset=\"https:\/\/agora.xtec.cat\/zer-pedrera\/wp-content\/uploads\/usu1473\/2025\/09\/IMG-20250908-WA0024.jpg 300w, https:\/\/agora.xtec.cat\/zer-pedrera\/wp-content\/uploads\/usu1473\/2025\/09\/IMG-20250908-WA0024-150x150.jpg 150w\" sizes=\"auto, (max-width: 300px) 100vw, 300px\" \/><\/a><\/p>\n","protected":false},"excerpt":{"rendered":"<p>El primer dia d\u2019escola genera una barreja d\u2019emocions tant en mestres com en alumnes. Els mestres se senten il\u00b7lusionats per comen\u00e7ar un nou curs i con\u00e8ixer els seus alumnes. Els alumnes, al seu torn, poden sentir emoci\u00f3, curiositat i una mica de por davant del&hellip;  <a href=\"https:\/\/agora.xtec.cat\/zer-pedrera\/general\/escola-abat-ruera-el-primer-dia-descola\/\" title=\"Read Escola Abat Ruera. El primer dia d&#8217;escola\">Llegeix m\u00e9s\u00bb<\/a><\/p>\n","protected":false},"author":1,"featured_media":9622,"comment_status":"open","ping_status":"open","sticky":false,"template":"","format":"standard","meta":{"_bbp_topic_count":0,"_bbp_reply_count":0,"_bbp_total_topic_count":0,"_bbp_total_reply_count":0,"_bbp_voice_count":0,"_bbp_anonymous_reply_count":0,"_bbp_topic_count_hidden":0,"_bbp_reply_count_hidden":0,"_bbp_forum_subforum_count":0,"footnotes":""},"categories":[113,110,111,1,29,89],"tags":[],"class_list":["post-9621","post","type-post","status-publish","format-standard","has-post-thumbnail","hentry","category-e-infantil","category-escola-abat-ruera","category-escola-porcel-de-cervera","category-general","category-portada","category-primaria"],"post_mailing_queue_ids":[],"_links":{"self":[{"href":"https:\/\/agora.xtec.cat\/zer-pedrera\/wp-json\/wp\/v2\/posts\/9621","targetHints":{"allow":["GET"]}}],"collection":[{"href":"https:\/\/agora.xtec.cat\/zer-pedrera\/wp-json\/wp\/v2\/posts"}],"about":[{"href":"https:\/\/agora.xtec.cat\/zer-pedrera\/wp-json\/wp\/v2\/types\/post"}],"author":[{"embeddable":true,"href":"https:\/\/agora.xtec.cat\/zer-pedrera\/wp-json\/wp\/v2\/users\/1"}],"replies":[{"embeddable":true,"href":"https:\/\/agora.xtec.cat\/zer-pedrera\/wp-json\/wp\/v2\/comments?post=9621"}],"version-history":[{"count":1,"href":"https:\/\/agora.xtec.cat\/zer-pedrera\/wp-json\/wp\/v2\/posts\/9621\/revisions"}],"predecessor-version":[{"id":9623,"href":"https:\/\/agora.xtec.cat\/zer-pedrera\/wp-json\/wp\/v2\/posts\/9621\/revisions\/9623"}],"wp:featuredmedia":[{"embeddable":true,"href":"https:\/\/agora.xtec.cat\/zer-pedrera\/wp-json\/wp\/v2\/media\/9622"}],"wp:attachment":[{"href":"https:\/\/agora.xtec.cat\/zer-pedrera\/wp-json\/wp\/v2\/media?parent=9621"}],"wp:term":[{"taxonomy":"category","embeddable":true,"href":"https:\/\/agora.xtec.cat\/zer-pedrera\/wp-json\/wp\/v2\/categories?post=9621"},{"taxonomy":"post_tag","embeddable":true,"href":"https:\/\/agora.xtec.cat\/zer-pedrera\/wp-json\/wp\/v2\/tags?post=9621"}],"curies":[{"name":"wp","href":"https:\/\/api.w.org\/{rel}","templated":true}]}}