{"id":9612,"date":"2025-09-15T16:58:51","date_gmt":"2025-09-15T14:58:51","guid":{"rendered":"https:\/\/agora.xtec.cat\/zer-pedrera\/?p=9612"},"modified":"2025-09-15T17:00:03","modified_gmt":"2025-09-15T15:00:03","slug":"escola-abat-ruera-el-joc-del-fil-invisible","status":"publish","type":"post","link":"https:\/\/agora.xtec.cat\/zer-pedrera\/general\/escola-abat-ruera-el-joc-del-fil-invisible\/","title":{"rendered":"Escola Abat Ruera. El joc del fil invisible"},"content":{"rendered":"<p>El primer dia d&#8217;escola, tot l&#8217;alumnat i el professorat hem jugat al joc del fil invisible. L&#8217;activitat del <strong data-start=\"16\" data-end=\"33\">fil invisible<\/strong> \u00e9s una din\u00e0mica molt utilitzada per <strong data-start=\"122\" data-end=\"193\">fomentar la cooperaci\u00f3, la comunicaci\u00f3 i la consci\u00e8ncia col\u00b7lectiva<\/strong>. El seu funcionament \u00e9s senzill per\u00f2 molt potent simb\u00f2licament. Fer visible la connexi\u00f3 entre les persones d\u2019un grup i treballar aspectes com la confian\u00e7a, el suport mutu i la import\u00e0ncia de cada membre dins del col\u00b7lectiu.<\/p>\n<p>Funcionament del joc:<\/p>\n<ol data-start=\"668\" data-end=\"1621\">\n<li data-start=\"668\" data-end=\"770\">\n<p data-start=\"671\" data-end=\"770\"><strong>Tothom en cercle:<\/strong><br data-start=\"692\" data-end=\"695\" \/>L&#8217;alumnat es col\u00b7loca en cercle, asseguts o dempeus.<\/p>\n<\/li>\n<li data-start=\"772\" data-end=\"1016\">\n<p data-start=\"775\" data-end=\"1016\"><strong data-start=\"775\" data-end=\"810\">El fil comen\u00e7a amb una persona:<\/strong><br data-start=\"810\" data-end=\"813\" \/>Una persona comen\u00e7a amb el cabdell a la m\u00e0. Aquesta persona ha de <strong data-start=\"882\" data-end=\"926\">dir alguna cosa positiva o significativa<\/strong> d&#8217;ella.<\/p>\n<\/li>\n<li data-start=\"1018\" data-end=\"1139\">\n<p data-start=\"1021\" data-end=\"1139\"><strong data-start=\"1021\" data-end=\"1038\">Passa el fil:<\/strong><br data-start=\"1038\" data-end=\"1041\" \/>Despr\u00e9s de parlar, mant\u00e9 el cap del fil i <strong data-start=\"1086\" data-end=\"1115\">llan\u00e7a o passa el cabdell<\/strong> a la persona esmentada.<\/p>\n<\/li>\n<li data-start=\"1141\" data-end=\"1380\">\n<p data-start=\"1144\" data-end=\"1380\"><strong data-start=\"1144\" data-end=\"1170\">Es repeteix el proc\u00e9s:<\/strong><br data-start=\"1170\" data-end=\"1173\" \/>Ara la segona persona fa el mateix amb una tercera, tot <strong data-start=\"1232\" data-end=\"1271\">mantenint sempre el seu tros de fil<\/strong>. El cabdell va passant de m\u00e0 en m\u00e0, i es va creant una <strong data-start=\"1327\" data-end=\"1357\">xarxa de fils entrecreuats<\/strong> que uneix tot el grup.<\/p>\n<\/li>\n<\/ol>\n<p>Per veure m\u00e9s fotografies clicar damunt de la imatge:<\/p>\n<p><a href=\"https:\/\/photos.app.goo.gl\/C4gKYvVCfw64bE9g6\" target=\"_blank\" rel=\"noopener\"><img loading=\"lazy\" decoding=\"async\" class=\"alignnone size-full wp-image-9614\" src=\"https:\/\/agora.xtec.cat\/zer-pedrera\/wp-content\/uploads\/usu1473\/2025\/09\/portada-1-fil-invisible-goya.jpg-900x900-1.jpg\" alt=\"\" width=\"300\" height=\"300\" srcset=\"https:\/\/agora.xtec.cat\/zer-pedrera\/wp-content\/uploads\/usu1473\/2025\/09\/portada-1-fil-invisible-goya.jpg-900x900-1.jpg 300w, https:\/\/agora.xtec.cat\/zer-pedrera\/wp-content\/uploads\/usu1473\/2025\/09\/portada-1-fil-invisible-goya.jpg-900x900-1-150x150.jpg 150w\" sizes=\"auto, (max-width: 300px) 100vw, 300px\" \/><\/a><\/p>\n<p>&nbsp;<\/p>\n<p>&nbsp;<\/p>\n<p>&nbsp;<\/p>\n","protected":false},"excerpt":{"rendered":"<p>El primer dia d&#8217;escola, tot l&#8217;alumnat i el professorat hem jugat al joc del fil invisible. L&#8217;activitat del fil invisible \u00e9s una din\u00e0mica molt utilitzada per fomentar la cooperaci\u00f3, la comunicaci\u00f3 i la consci\u00e8ncia col\u00b7lectiva. El seu funcionament \u00e9s senzill per\u00f2 molt potent simb\u00f2licament. Fer&hellip;  <a href=\"https:\/\/agora.xtec.cat\/zer-pedrera\/general\/escola-abat-ruera-el-joc-del-fil-invisible\/\" title=\"Read Escola Abat Ruera. El joc del fil invisible\">Llegeix m\u00e9s\u00bb<\/a><\/p>\n","protected":false},"author":1,"featured_media":9614,"comment_status":"open","ping_status":"open","sticky":false,"template":"","format":"standard","meta":{"_bbp_topic_count":0,"_bbp_reply_count":0,"_bbp_total_topic_count":0,"_bbp_total_reply_count":0,"_bbp_voice_count":0,"_bbp_anonymous_reply_count":0,"_bbp_topic_count_hidden":0,"_bbp_reply_count_hidden":0,"_bbp_forum_subforum_count":0,"footnotes":""},"categories":[113,145,110,1,29,89],"tags":[],"class_list":["post-9612","post","type-post","status-publish","format-standard","has-post-thumbnail","hentry","category-e-infantil","category-educacio-en-valors","category-escola-abat-ruera","category-general","category-portada","category-primaria"],"post_mailing_queue_ids":[],"_links":{"self":[{"href":"https:\/\/agora.xtec.cat\/zer-pedrera\/wp-json\/wp\/v2\/posts\/9612","targetHints":{"allow":["GET"]}}],"collection":[{"href":"https:\/\/agora.xtec.cat\/zer-pedrera\/wp-json\/wp\/v2\/posts"}],"about":[{"href":"https:\/\/agora.xtec.cat\/zer-pedrera\/wp-json\/wp\/v2\/types\/post"}],"author":[{"embeddable":true,"href":"https:\/\/agora.xtec.cat\/zer-pedrera\/wp-json\/wp\/v2\/users\/1"}],"replies":[{"embeddable":true,"href":"https:\/\/agora.xtec.cat\/zer-pedrera\/wp-json\/wp\/v2\/comments?post=9612"}],"version-history":[{"count":2,"href":"https:\/\/agora.xtec.cat\/zer-pedrera\/wp-json\/wp\/v2\/posts\/9612\/revisions"}],"predecessor-version":[{"id":9615,"href":"https:\/\/agora.xtec.cat\/zer-pedrera\/wp-json\/wp\/v2\/posts\/9612\/revisions\/9615"}],"wp:featuredmedia":[{"embeddable":true,"href":"https:\/\/agora.xtec.cat\/zer-pedrera\/wp-json\/wp\/v2\/media\/9614"}],"wp:attachment":[{"href":"https:\/\/agora.xtec.cat\/zer-pedrera\/wp-json\/wp\/v2\/media?parent=9612"}],"wp:term":[{"taxonomy":"category","embeddable":true,"href":"https:\/\/agora.xtec.cat\/zer-pedrera\/wp-json\/wp\/v2\/categories?post=9612"},{"taxonomy":"post_tag","embeddable":true,"href":"https:\/\/agora.xtec.cat\/zer-pedrera\/wp-json\/wp\/v2\/tags?post=9612"}],"curies":[{"name":"wp","href":"https:\/\/api.w.org\/{rel}","templated":true}]}}