{"id":9573,"date":"2025-06-11T17:26:46","date_gmt":"2025-06-11T15:26:46","guid":{"rendered":"https:\/\/agora.xtec.cat\/zer-pedrera\/?p=9573"},"modified":"2025-06-11T17:26:46","modified_gmt":"2025-06-11T15:26:46","slug":"fem-un-mural-al-pati-de-lescola-escola-porcel-de-cervera","status":"publish","type":"post","link":"https:\/\/agora.xtec.cat\/zer-pedrera\/general\/fem-un-mural-al-pati-de-lescola-escola-porcel-de-cervera\/","title":{"rendered":"Fem un mural al pati de l&#8217;escola. Escola Porcel de Cervera."},"content":{"rendered":"<p>Gr\u00e0cies a la gesti\u00f3 realitzada per part de l&#8217;AFA de l&#8217;escola conjuntament amb l&#8217;ajuntament, el passat divendres dia 6 de juny, despr\u00e9s d&#8217;una sessi\u00f3 d&#8217;aproximaci\u00f3 a l&#8217;art urb\u00e0 i sota la direcci\u00f3 de la\u00a0 de les professionals de <em><strong>koalaartforkids, <\/strong><\/em>ja podem gaudir d&#8217;un espectacular mural al pati de l&#8217;escola. Veure&#8217;l cada dia quan estem jugant al pati ens alegra molt per\u00f2 sobretot ens recorda la import\u00e0ncia del treball col.laboratiu entre tota la comunitat. Fam\u00edlies, ajuntament i escola per poder finan\u00e7ar aquesta iniciativa i alumnes per haver estat capa\u00e7os de plasmar amb tan sols uns dibuixos i paraules els seus pensaments sobre el que significa per tots nosaltres l&#8217;escola rural. Creativitat i il\u00b7lusi\u00f3 han set el centre d&#8217;aquest projecte dels que ens sentim molt orgullosos. Gr\u00e0cies Montse, Irene i Eva per haver integrat en aquest mural les idees de cadascun dels nostres alumnes i per demostrar-nos que cada aportaci\u00f3, per petita que sigui, suma i enriqueix el conjunt, pode aconseguir grans coses entre tots-es.<\/p>\n<p>cliqueu imatge per veure&#8217;n tot el proc\u00e9s.<a href=\"https:\/\/photos.app.goo.gl\/FpZKKy7gbmG77kwh6\"><img loading=\"lazy\" decoding=\"async\" class=\"aligncenter\" src=\"https:\/\/agora.xtec.cat\/zer-pedrera\/wp-content\/uploads\/usu1473\/2025\/06\/portada-2.jpg\" width=\"88\" height=\"98\" \/><\/a><\/p>\n","protected":false},"excerpt":{"rendered":"<p>Gr\u00e0cies a la gesti\u00f3 realitzada per part de l&#8217;AFA de l&#8217;escola conjuntament amb l&#8217;ajuntament, el passat divendres dia 6 de juny, despr\u00e9s d&#8217;una sessi\u00f3 d&#8217;aproximaci\u00f3 a l&#8217;art urb\u00e0 i sota la direcci\u00f3 de la\u00a0 de les professionals de koalaartforkids, ja podem gaudir d&#8217;un espectacular mural&hellip;  <a href=\"https:\/\/agora.xtec.cat\/zer-pedrera\/general\/fem-un-mural-al-pati-de-lescola-escola-porcel-de-cervera\/\" title=\"Read Fem un mural al pati de l&#8217;escola. Escola Porcel de Cervera.\">Llegeix m\u00e9s\u00bb<\/a><\/p>\n","protected":false},"author":1,"featured_media":9574,"comment_status":"open","ping_status":"open","sticky":false,"template":"","format":"standard","meta":{"_bbp_topic_count":0,"_bbp_reply_count":0,"_bbp_total_topic_count":0,"_bbp_total_reply_count":0,"_bbp_voice_count":0,"_bbp_anonymous_reply_count":0,"_bbp_topic_count_hidden":0,"_bbp_reply_count_hidden":0,"_bbp_forum_subforum_count":0,"footnotes":""},"categories":[113,111,1,29,89],"tags":[],"class_list":["post-9573","post","type-post","status-publish","format-standard","has-post-thumbnail","hentry","category-e-infantil","category-escola-porcel-de-cervera","category-general","category-portada","category-primaria"],"post_mailing_queue_ids":[],"_links":{"self":[{"href":"https:\/\/agora.xtec.cat\/zer-pedrera\/wp-json\/wp\/v2\/posts\/9573","targetHints":{"allow":["GET"]}}],"collection":[{"href":"https:\/\/agora.xtec.cat\/zer-pedrera\/wp-json\/wp\/v2\/posts"}],"about":[{"href":"https:\/\/agora.xtec.cat\/zer-pedrera\/wp-json\/wp\/v2\/types\/post"}],"author":[{"embeddable":true,"href":"https:\/\/agora.xtec.cat\/zer-pedrera\/wp-json\/wp\/v2\/users\/1"}],"replies":[{"embeddable":true,"href":"https:\/\/agora.xtec.cat\/zer-pedrera\/wp-json\/wp\/v2\/comments?post=9573"}],"version-history":[{"count":1,"href":"https:\/\/agora.xtec.cat\/zer-pedrera\/wp-json\/wp\/v2\/posts\/9573\/revisions"}],"predecessor-version":[{"id":9575,"href":"https:\/\/agora.xtec.cat\/zer-pedrera\/wp-json\/wp\/v2\/posts\/9573\/revisions\/9575"}],"wp:featuredmedia":[{"embeddable":true,"href":"https:\/\/agora.xtec.cat\/zer-pedrera\/wp-json\/wp\/v2\/media\/9574"}],"wp:attachment":[{"href":"https:\/\/agora.xtec.cat\/zer-pedrera\/wp-json\/wp\/v2\/media?parent=9573"}],"wp:term":[{"taxonomy":"category","embeddable":true,"href":"https:\/\/agora.xtec.cat\/zer-pedrera\/wp-json\/wp\/v2\/categories?post=9573"},{"taxonomy":"post_tag","embeddable":true,"href":"https:\/\/agora.xtec.cat\/zer-pedrera\/wp-json\/wp\/v2\/tags?post=9573"}],"curies":[{"name":"wp","href":"https:\/\/api.w.org\/{rel}","templated":true}]}}