{"id":9557,"date":"2025-06-09T22:15:34","date_gmt":"2025-06-09T20:15:34","guid":{"rendered":"https:\/\/agora.xtec.cat\/zer-pedrera\/?p=9557"},"modified":"2025-06-09T22:15:34","modified_gmt":"2025-06-09T20:15:34","slug":"ei-de-lescola-abat-ruera-la-magia-de-les-emocions","status":"publish","type":"post","link":"https:\/\/agora.xtec.cat\/zer-pedrera\/general\/ei-de-lescola-abat-ruera-la-magia-de-les-emocions\/","title":{"rendered":"EI de l&#8217;escola Abat Ruera. La m\u00e0gia de les emocions"},"content":{"rendered":"<p>Aquest curs a Educaci\u00f3 Infantil hem posat en marxa un projecte molt especial: &#8220;L&#8217;escola de Mags&#8221;, una proposta per treballar d&#8217;educaci\u00f3 emocional a trav\u00e9s del joc, la fantasia i la creativitat. Cada emoci\u00f3-l&#8217;alegria, la por, la tristesa i la r\u00e0bia-es transforma en una llegenda m\u00e0gica que acompanya l&#8217;alumnat a con\u00e8ixer i gestionar millor el que senten. A trav\u00e9s de contes, rituals, pocions i llibres personals, els infants aprenen a posar nom a les emocions i a conviure amb elles de manera positiva.<\/p>\n<p>El projecte ha transformat l&#8217;aula en un espai m\u00e9s emp\u00e0tic, tranquil i acollidor. Perqu\u00e8 la m\u00e0gia m\u00e9s gran no \u00e9s la que ve de la vareta, sin\u00f3 la que neix dins nostre.<\/p>\n<p>Per veure m\u00e9s fotografies clicar damunt de la imatge.<\/p>\n<p><a href=\"https:\/\/photos.app.goo.gl\/WuwSHuFZkin8hq16A\" target=\"_blank\" rel=\"noopener\"><img loading=\"lazy\" decoding=\"async\" class=\"alignnone size-full wp-image-9571\" src=\"https:\/\/agora.xtec.cat\/zer-pedrera\/wp-content\/uploads\/usu1473\/2025\/06\/IMG-20250609-WA0033.jpg\" alt=\"\" width=\"300\" height=\"423\" srcset=\"https:\/\/agora.xtec.cat\/zer-pedrera\/wp-content\/uploads\/usu1473\/2025\/06\/IMG-20250609-WA0033.jpg 300w, https:\/\/agora.xtec.cat\/zer-pedrera\/wp-content\/uploads\/usu1473\/2025\/06\/IMG-20250609-WA0033-213x300.jpg 213w\" sizes=\"auto, (max-width: 300px) 100vw, 300px\" \/><\/a><\/p>\n<p>&nbsp;<\/p>\n<p>&nbsp;<\/p>\n<p>&nbsp;<\/p>\n","protected":false},"excerpt":{"rendered":"<p>Aquest curs a Educaci\u00f3 Infantil hem posat en marxa un projecte molt especial: &#8220;L&#8217;escola de Mags&#8221;, una proposta per treballar d&#8217;educaci\u00f3 emocional a trav\u00e9s del joc, la fantasia i la creativitat. Cada emoci\u00f3-l&#8217;alegria, la por, la tristesa i la r\u00e0bia-es transforma en una llegenda m\u00e0gica&hellip;  <a href=\"https:\/\/agora.xtec.cat\/zer-pedrera\/general\/ei-de-lescola-abat-ruera-la-magia-de-les-emocions\/\" title=\"Read EI de l&#8217;escola Abat Ruera. La m\u00e0gia de les emocions\">Llegeix m\u00e9s\u00bb<\/a><\/p>\n","protected":false},"author":1,"featured_media":9571,"comment_status":"open","ping_status":"open","sticky":false,"template":"","format":"standard","meta":{"_bbp_topic_count":0,"_bbp_reply_count":0,"_bbp_total_topic_count":0,"_bbp_total_reply_count":0,"_bbp_voice_count":0,"_bbp_anonymous_reply_count":0,"_bbp_topic_count_hidden":0,"_bbp_reply_count_hidden":0,"_bbp_forum_subforum_count":0,"footnotes":""},"categories":[113,110,1,29,120,122],"tags":[],"class_list":["post-9557","post","type-post","status-publish","format-standard","has-post-thumbnail","hentry","category-e-infantil","category-escola-abat-ruera","category-general","category-portada","category-projectes","category-valors"],"post_mailing_queue_ids":[],"_links":{"self":[{"href":"https:\/\/agora.xtec.cat\/zer-pedrera\/wp-json\/wp\/v2\/posts\/9557","targetHints":{"allow":["GET"]}}],"collection":[{"href":"https:\/\/agora.xtec.cat\/zer-pedrera\/wp-json\/wp\/v2\/posts"}],"about":[{"href":"https:\/\/agora.xtec.cat\/zer-pedrera\/wp-json\/wp\/v2\/types\/post"}],"author":[{"embeddable":true,"href":"https:\/\/agora.xtec.cat\/zer-pedrera\/wp-json\/wp\/v2\/users\/1"}],"replies":[{"embeddable":true,"href":"https:\/\/agora.xtec.cat\/zer-pedrera\/wp-json\/wp\/v2\/comments?post=9557"}],"version-history":[{"count":4,"href":"https:\/\/agora.xtec.cat\/zer-pedrera\/wp-json\/wp\/v2\/posts\/9557\/revisions"}],"predecessor-version":[{"id":9572,"href":"https:\/\/agora.xtec.cat\/zer-pedrera\/wp-json\/wp\/v2\/posts\/9557\/revisions\/9572"}],"wp:featuredmedia":[{"embeddable":true,"href":"https:\/\/agora.xtec.cat\/zer-pedrera\/wp-json\/wp\/v2\/media\/9571"}],"wp:attachment":[{"href":"https:\/\/agora.xtec.cat\/zer-pedrera\/wp-json\/wp\/v2\/media?parent=9557"}],"wp:term":[{"taxonomy":"category","embeddable":true,"href":"https:\/\/agora.xtec.cat\/zer-pedrera\/wp-json\/wp\/v2\/categories?post=9557"},{"taxonomy":"post_tag","embeddable":true,"href":"https:\/\/agora.xtec.cat\/zer-pedrera\/wp-json\/wp\/v2\/tags?post=9557"}],"curies":[{"name":"wp","href":"https:\/\/api.w.org\/{rel}","templated":true}]}}