{"id":9531,"date":"2025-06-04T22:55:51","date_gmt":"2025-06-04T20:55:51","guid":{"rendered":"https:\/\/agora.xtec.cat\/zer-pedrera\/?p=9531"},"modified":"2025-06-04T22:55:51","modified_gmt":"2025-06-04T20:55:51","slug":"zer-pedrera-les-colonies-a-la-carral","status":"publish","type":"post","link":"https:\/\/agora.xtec.cat\/zer-pedrera\/general\/zer-pedrera-les-colonies-a-la-carral\/","title":{"rendered":"ZER Pedrera. Les col\u00f2nies a La Carral"},"content":{"rendered":"<p>Les col\u00f2nies a La Carral ens ha perm\u00e9s aconseguir un seguit d&#8217;objectius que van m\u00e9s enll\u00e0 del que es pot treballar a l&#8217;escola: moments \u00fanics de conviv\u00e8ncia amb els companys i mestres, contacte directe amb la natura, l&#8217;experi\u00e8ncia de dormir fora de casa juntament amb les amistats de l&#8217;escola&#8230; I de tot aix\u00f2, barrejat amb les activitats engrescadores de La Carral.<\/p>\n<p><a href=\"https:\/\/agora.xtec.cat\/zer-pedrera\/wp-content\/uploads\/usu1473\/2025\/06\/IMG_6844-scaled-1.jpg\"><img loading=\"lazy\" decoding=\"async\" class=\"alignnone size-full wp-image-9533\" src=\"https:\/\/agora.xtec.cat\/zer-pedrera\/wp-content\/uploads\/usu1473\/2025\/06\/IMG_6844-scaled-1.jpg\" alt=\"\" width=\"300\" height=\"200\" \/><\/a><\/p>\n<p>Per veure fotografies de les activitats de La Carral clicar <a href=\"https:\/\/photos.app.goo.gl\/naqNn92uEnesPxSn9\" target=\"_blank\" rel=\"noopener\">AQU\u00cd<\/a><\/p>\n<p>Per veure fotografies de la piscina de La Carral clicar <a href=\"https:\/\/photos.app.goo.gl\/easmy27uxFMSMNyP6\" target=\"_blank\" rel=\"noopener\">AQU\u00cd<\/a><\/p>\n<p>Per veure fotografies dels \u00e0pats de La Carral clicar<a href=\"https:\/\/photos.app.goo.gl\/HnQ3xd8m5jJHNvHj9\" target=\"_blank\" rel=\"noopener\"> AQU\u00cd<\/a><\/p>\n<p>Per veure fotografies de la nit de La Carral clicar<a href=\"https:\/\/photos.app.goo.gl\/YCF4bHAY37i8jrp56\" target=\"_blank\" rel=\"noopener\"> AQU\u00cd<\/a><\/p>\n<p>&nbsp;<\/p>\n","protected":false},"excerpt":{"rendered":"<p>Les col\u00f2nies a La Carral ens ha perm\u00e9s aconseguir un seguit d&#8217;objectius que van m\u00e9s enll\u00e0 del que es pot treballar a l&#8217;escola: moments \u00fanics de conviv\u00e8ncia amb els companys i mestres, contacte directe amb la natura, l&#8217;experi\u00e8ncia de dormir fora de casa juntament amb&hellip;  <a href=\"https:\/\/agora.xtec.cat\/zer-pedrera\/general\/zer-pedrera-les-colonies-a-la-carral\/\" title=\"Read ZER Pedrera. Les col\u00f2nies a La Carral\">Llegeix m\u00e9s\u00bb<\/a><\/p>\n","protected":false},"author":1,"featured_media":9533,"comment_status":"open","ping_status":"open","sticky":false,"template":"","format":"standard","meta":{"_bbp_topic_count":0,"_bbp_reply_count":0,"_bbp_total_topic_count":0,"_bbp_total_reply_count":0,"_bbp_voice_count":0,"_bbp_anonymous_reply_count":0,"_bbp_topic_count_hidden":0,"_bbp_reply_count_hidden":0,"_bbp_forum_subforum_count":0,"footnotes":""},"categories":[113,110,111,1,29,89],"tags":[],"class_list":["post-9531","post","type-post","status-publish","format-standard","has-post-thumbnail","hentry","category-e-infantil","category-escola-abat-ruera","category-escola-porcel-de-cervera","category-general","category-portada","category-primaria"],"post_mailing_queue_ids":[],"_links":{"self":[{"href":"https:\/\/agora.xtec.cat\/zer-pedrera\/wp-json\/wp\/v2\/posts\/9531","targetHints":{"allow":["GET"]}}],"collection":[{"href":"https:\/\/agora.xtec.cat\/zer-pedrera\/wp-json\/wp\/v2\/posts"}],"about":[{"href":"https:\/\/agora.xtec.cat\/zer-pedrera\/wp-json\/wp\/v2\/types\/post"}],"author":[{"embeddable":true,"href":"https:\/\/agora.xtec.cat\/zer-pedrera\/wp-json\/wp\/v2\/users\/1"}],"replies":[{"embeddable":true,"href":"https:\/\/agora.xtec.cat\/zer-pedrera\/wp-json\/wp\/v2\/comments?post=9531"}],"version-history":[{"count":4,"href":"https:\/\/agora.xtec.cat\/zer-pedrera\/wp-json\/wp\/v2\/posts\/9531\/revisions"}],"predecessor-version":[{"id":9536,"href":"https:\/\/agora.xtec.cat\/zer-pedrera\/wp-json\/wp\/v2\/posts\/9531\/revisions\/9536"}],"wp:featuredmedia":[{"embeddable":true,"href":"https:\/\/agora.xtec.cat\/zer-pedrera\/wp-json\/wp\/v2\/media\/9533"}],"wp:attachment":[{"href":"https:\/\/agora.xtec.cat\/zer-pedrera\/wp-json\/wp\/v2\/media?parent=9531"}],"wp:term":[{"taxonomy":"category","embeddable":true,"href":"https:\/\/agora.xtec.cat\/zer-pedrera\/wp-json\/wp\/v2\/categories?post=9531"},{"taxonomy":"post_tag","embeddable":true,"href":"https:\/\/agora.xtec.cat\/zer-pedrera\/wp-json\/wp\/v2\/tags?post=9531"}],"curies":[{"name":"wp","href":"https:\/\/api.w.org\/{rel}","templated":true}]}}