{"id":9527,"date":"2025-06-04T19:05:45","date_gmt":"2025-06-04T17:05:45","guid":{"rendered":"https:\/\/agora.xtec.cat\/zer-pedrera\/?p=9527"},"modified":"2025-06-04T19:05:45","modified_gmt":"2025-06-04T17:05:45","slug":"zer-pedrera-ciencia-al-carrer-2","status":"publish","type":"post","link":"https:\/\/agora.xtec.cat\/zer-pedrera\/general\/zer-pedrera-ciencia-al-carrer-2\/","title":{"rendered":"ZER Pedrera. Ci\u00e8ncia al Carrer"},"content":{"rendered":"<p>El dia 31 de maig, l\u2019alumnat de Cicle Superior ha participat en la Ci\u00e8ncia al Carrer. Es tracta d\u2019una fira en la qual divulgadors de la ci\u00e8ncia, empreses, docents i alumnat de tots els nivells mostren experiments de totes les disciplines cient\u00edfiques. Els veritables protagonistes s\u00f3n els joves de tots els nivells educatius que mostren i fan les explicacions dels seus projectes i treballs d\u2019experimentaci\u00f3 cient\u00edfica.<\/p>\n<p>Aquesta fira el que vol \u00e9s despertar la curiositat pels fen\u00f2mens naturals i fomentar la inquietud per la recerca i l\u2019esperit cr\u00edtic a trav\u00e9s d\u2019exhibicions i demostracions de base cient\u00edfica.<\/p>\n<p>Per veure fotografies de la jornada clicar damunt de la imatge.<\/p>\n<p><a href=\"https:\/\/photos.app.goo.gl\/rh7tqzv37zvwpcKf6\" target=\"_blank\" rel=\"noopener\"><img loading=\"lazy\" decoding=\"async\" class=\"alignnone size-full wp-image-9529\" src=\"https:\/\/agora.xtec.cat\/zer-pedrera\/wp-content\/uploads\/usu1473\/2025\/06\/Logo_Ciencia_al_Carrer_2024.png\" alt=\"\" width=\"748\" height=\"362\" srcset=\"https:\/\/agora.xtec.cat\/zer-pedrera\/wp-content\/uploads\/usu1473\/2025\/06\/Logo_Ciencia_al_Carrer_2024.png 748w, https:\/\/agora.xtec.cat\/zer-pedrera\/wp-content\/uploads\/usu1473\/2025\/06\/Logo_Ciencia_al_Carrer_2024-300x145.png 300w\" sizes=\"auto, (max-width: 748px) 100vw, 748px\" \/><\/a><\/p>\n<p>&nbsp;<\/p>\n<p>&nbsp;<\/p>\n","protected":false},"excerpt":{"rendered":"<p>El dia 31 de maig, l\u2019alumnat de Cicle Superior ha participat en la Ci\u00e8ncia al Carrer. Es tracta d\u2019una fira en la qual divulgadors de la ci\u00e8ncia, empreses, docents i alumnat de tots els nivells mostren experiments de totes les disciplines cient\u00edfiques. Els veritables protagonistes&hellip;  <a href=\"https:\/\/agora.xtec.cat\/zer-pedrera\/general\/zer-pedrera-ciencia-al-carrer-2\/\" title=\"Read ZER Pedrera. Ci\u00e8ncia al Carrer\">Llegeix m\u00e9s\u00bb<\/a><\/p>\n","protected":false},"author":1,"featured_media":9529,"comment_status":"open","ping_status":"open","sticky":false,"template":"","format":"standard","meta":{"_bbp_topic_count":0,"_bbp_reply_count":0,"_bbp_total_topic_count":0,"_bbp_total_reply_count":0,"_bbp_voice_count":0,"_bbp_anonymous_reply_count":0,"_bbp_topic_count_hidden":0,"_bbp_reply_count_hidden":0,"_bbp_forum_subforum_count":0,"footnotes":""},"categories":[110,111,1,29,89,120],"tags":[],"class_list":["post-9527","post","type-post","status-publish","format-standard","has-post-thumbnail","hentry","category-escola-abat-ruera","category-escola-porcel-de-cervera","category-general","category-portada","category-primaria","category-projectes"],"post_mailing_queue_ids":[],"_links":{"self":[{"href":"https:\/\/agora.xtec.cat\/zer-pedrera\/wp-json\/wp\/v2\/posts\/9527","targetHints":{"allow":["GET"]}}],"collection":[{"href":"https:\/\/agora.xtec.cat\/zer-pedrera\/wp-json\/wp\/v2\/posts"}],"about":[{"href":"https:\/\/agora.xtec.cat\/zer-pedrera\/wp-json\/wp\/v2\/types\/post"}],"author":[{"embeddable":true,"href":"https:\/\/agora.xtec.cat\/zer-pedrera\/wp-json\/wp\/v2\/users\/1"}],"replies":[{"embeddable":true,"href":"https:\/\/agora.xtec.cat\/zer-pedrera\/wp-json\/wp\/v2\/comments?post=9527"}],"version-history":[{"count":2,"href":"https:\/\/agora.xtec.cat\/zer-pedrera\/wp-json\/wp\/v2\/posts\/9527\/revisions"}],"predecessor-version":[{"id":9530,"href":"https:\/\/agora.xtec.cat\/zer-pedrera\/wp-json\/wp\/v2\/posts\/9527\/revisions\/9530"}],"wp:featuredmedia":[{"embeddable":true,"href":"https:\/\/agora.xtec.cat\/zer-pedrera\/wp-json\/wp\/v2\/media\/9529"}],"wp:attachment":[{"href":"https:\/\/agora.xtec.cat\/zer-pedrera\/wp-json\/wp\/v2\/media?parent=9527"}],"wp:term":[{"taxonomy":"category","embeddable":true,"href":"https:\/\/agora.xtec.cat\/zer-pedrera\/wp-json\/wp\/v2\/categories?post=9527"},{"taxonomy":"post_tag","embeddable":true,"href":"https:\/\/agora.xtec.cat\/zer-pedrera\/wp-json\/wp\/v2\/tags?post=9527"}],"curies":[{"name":"wp","href":"https:\/\/api.w.org\/{rel}","templated":true}]}}