{"id":9447,"date":"2024-10-23T12:30:14","date_gmt":"2024-10-23T10:30:14","guid":{"rendered":"https:\/\/agora.xtec.cat\/zer-pedrera\/?p=9447"},"modified":"2025-05-12T12:30:59","modified_gmt":"2025-05-12T10:30:59","slug":"zer-pedrera-primera-comunitat-steam","status":"publish","type":"post","link":"https:\/\/agora.xtec.cat\/zer-pedrera\/general\/zer-pedrera-primera-comunitat-steam\/","title":{"rendered":"ZER Pedrera. Primera comunitat STEAM"},"content":{"rendered":"<p style=\"text-align: left;\">El dia 23 d&#8217;octubre del 2024, mestres de la ZER Pedrera han participat a la primera comunitat STEAM que s&#8217;ha realitzat al Departament d&#8217;Educaci\u00f3. Aquesta primera trobada ha tingut com objectiu potenciar entre els docents l&#8217;increment de l\u2019aplicaci\u00f3 de metodologies d\u2019aprenentatge transversal, generadores i vehiculars de coneixement compartit entre els diferents \u00e0mbits cient\u00edfic, tecnol\u00f2gic, art\u00edstic i matem\u00e0tic que fomentin el pensament cr\u00edtic i la creativitat.<\/p>\n<p style=\"text-align: left;\">Tamb\u00e9 ha volgut promoure la creaci\u00f3 d\u2019aliances entre els centres educatius, els agents de l\u2019\u00e0mbit cientificotecnol\u00f2gic i l\u2019entorn proper mitjan\u00e7ant la realitzaci\u00f3 d\u2019activitats relacionades amb problemes socialment rellevants.<\/p>\n<p><a href=\"https:\/\/agora.xtec.cat\/zer-pedrera\/wp-content\/uploads\/usu1473\/2025\/05\/0e0ce732-749a-465a-9dbc-f2b40f70441a.jpg\"><img loading=\"lazy\" decoding=\"async\" class=\"alignnone size-full wp-image-9448\" src=\"https:\/\/agora.xtec.cat\/zer-pedrera\/wp-content\/uploads\/usu1473\/2025\/05\/0e0ce732-749a-465a-9dbc-f2b40f70441a.jpg\" alt=\"\" width=\"300\" height=\"202\" \/><\/a><\/p>\n<p>&nbsp;<\/p>\n<p>&nbsp;<\/p>\n<p>&nbsp;<\/p>\n","protected":false},"excerpt":{"rendered":"<p>El dia 23 d&#8217;octubre del 2024, mestres de la ZER Pedrera han participat a la primera comunitat STEAM que s&#8217;ha realitzat al Departament d&#8217;Educaci\u00f3. Aquesta primera trobada ha tingut com objectiu potenciar entre els docents l&#8217;increment de l\u2019aplicaci\u00f3 de metodologies d\u2019aprenentatge transversal, generadores i vehiculars&hellip;  <a href=\"https:\/\/agora.xtec.cat\/zer-pedrera\/general\/zer-pedrera-primera-comunitat-steam\/\" title=\"Read ZER Pedrera. Primera comunitat STEAM\">Llegeix m\u00e9s\u00bb<\/a><\/p>\n","protected":false},"author":1,"featured_media":9448,"comment_status":"open","ping_status":"closed","sticky":false,"template":"","format":"standard","meta":{"_bbp_topic_count":0,"_bbp_reply_count":0,"_bbp_total_topic_count":0,"_bbp_total_reply_count":0,"_bbp_voice_count":0,"_bbp_anonymous_reply_count":0,"_bbp_topic_count_hidden":0,"_bbp_reply_count_hidden":0,"_bbp_forum_subforum_count":0,"footnotes":""},"categories":[113,110,111,1,126,116,117,119,29,89,120],"tags":[],"class_list":["post-9447","post","type-post","status-publish","format-standard","has-post-thumbnail","hentry","category-e-infantil","category-escola-abat-ruera","category-escola-porcel-de-cervera","category-general","category-matematiques","category-medi","category-musica","category-plastica","category-portada","category-primaria","category-projectes"],"post_mailing_queue_ids":[],"_links":{"self":[{"href":"https:\/\/agora.xtec.cat\/zer-pedrera\/wp-json\/wp\/v2\/posts\/9447","targetHints":{"allow":["GET"]}}],"collection":[{"href":"https:\/\/agora.xtec.cat\/zer-pedrera\/wp-json\/wp\/v2\/posts"}],"about":[{"href":"https:\/\/agora.xtec.cat\/zer-pedrera\/wp-json\/wp\/v2\/types\/post"}],"author":[{"embeddable":true,"href":"https:\/\/agora.xtec.cat\/zer-pedrera\/wp-json\/wp\/v2\/users\/1"}],"replies":[{"embeddable":true,"href":"https:\/\/agora.xtec.cat\/zer-pedrera\/wp-json\/wp\/v2\/comments?post=9447"}],"version-history":[{"count":2,"href":"https:\/\/agora.xtec.cat\/zer-pedrera\/wp-json\/wp\/v2\/posts\/9447\/revisions"}],"predecessor-version":[{"id":9450,"href":"https:\/\/agora.xtec.cat\/zer-pedrera\/wp-json\/wp\/v2\/posts\/9447\/revisions\/9450"}],"wp:featuredmedia":[{"embeddable":true,"href":"https:\/\/agora.xtec.cat\/zer-pedrera\/wp-json\/wp\/v2\/media\/9448"}],"wp:attachment":[{"href":"https:\/\/agora.xtec.cat\/zer-pedrera\/wp-json\/wp\/v2\/media?parent=9447"}],"wp:term":[{"taxonomy":"category","embeddable":true,"href":"https:\/\/agora.xtec.cat\/zer-pedrera\/wp-json\/wp\/v2\/categories?post=9447"},{"taxonomy":"post_tag","embeddable":true,"href":"https:\/\/agora.xtec.cat\/zer-pedrera\/wp-json\/wp\/v2\/tags?post=9447"}],"curies":[{"name":"wp","href":"https:\/\/api.w.org\/{rel}","templated":true}]}}