{"id":9413,"date":"2025-05-05T15:58:24","date_gmt":"2025-05-05T13:58:24","guid":{"rendered":"https:\/\/agora.xtec.cat\/zer-pedrera\/?p=9413"},"modified":"2025-05-05T16:01:31","modified_gmt":"2025-05-05T14:01:31","slug":"pintem-arros-per-fer-gespa-de-primavera-alumnat-educacio-infantil-i-ci","status":"publish","type":"post","link":"https:\/\/agora.xtec.cat\/zer-pedrera\/general\/pintem-arros-per-fer-gespa-de-primavera-alumnat-educacio-infantil-i-ci\/","title":{"rendered":"Pintem arr\u00f2s per fer gespa de primavera. Alumnat educaci\u00f3 infantil i CI"},"content":{"rendered":"<p>Els m\u00e9s petitons de l&#8217;escola vam pintar arr\u00f2s amb diferents tonalitats de verd per crear un rac\u00f3 sensorial de primavera<br \/>\nmolt bonic. Vam utilitzar colors com verd clar, verd fosc, verd p\u00e0l\u00b7lid i verd intens per<br \/>\naconseguir un efecte natural i vibrant. Despr\u00e9s, vam col\u00b7locar l\u2019arr\u00f2s pintat en un rac\u00f3 especial<br \/>\nde l\u2019aula, fent que sembl\u00e9s un jard\u00ed ple de vida en el que anirem treballant i jugant durant el trimestre. Aquesta activitat ens va ajudar a aprendre<br \/>\nsobre els diferents tons de verd i a expressar la nostra creativitat. Estem molt contents del<br \/>\nresultat i ens encanta veure el rac\u00f3 de primavera tan acolorit!<\/p>\n<p><a href=\"https:\/\/photos.app.goo.gl\/vL5vTm356zFiFQ6c6\">https:\/\/photos.app.goo.gl\/vL5vTm356zFiFQ6c6<\/a><\/p>\n<p>&nbsp;<\/p>\n<p>&nbsp;<\/p>\n<p>&nbsp;<\/p>\n","protected":false},"excerpt":{"rendered":"<p>Els m\u00e9s petitons de l&#8217;escola vam pintar arr\u00f2s amb diferents tonalitats de verd per crear un rac\u00f3 sensorial de primavera<br \/>\nmolt bonic. Vam utilitzar colors com verd clar, verd fosc, verd p\u00e0l\u00b7lid i verd intens per<br \/>\naconseguir un efecte natural i vibrant. Despr\u00e9s, vam col\u00b7locar l\u2019arr\u00f2s pintat&hellip;  <a href=\"https:\/\/agora.xtec.cat\/zer-pedrera\/general\/pintem-arros-per-fer-gespa-de-primavera-alumnat-educacio-infantil-i-ci\/\" title=\"Read Pintem arr\u00f2s per fer gespa de primavera. Alumnat educaci\u00f3 infantil i CI\">Llegeix m\u00e9s\u00bb<\/a><\/p>\n","protected":false},"author":1,"featured_media":9439,"comment_status":"open","ping_status":"closed","sticky":false,"template":"","format":"standard","meta":{"_bbp_topic_count":0,"_bbp_reply_count":0,"_bbp_total_topic_count":0,"_bbp_total_reply_count":0,"_bbp_voice_count":0,"_bbp_anonymous_reply_count":0,"_bbp_topic_count_hidden":0,"_bbp_reply_count_hidden":0,"_bbp_forum_subforum_count":0,"footnotes":""},"categories":[113,111,1,29,89],"tags":[],"class_list":["post-9413","post","type-post","status-publish","format-standard","has-post-thumbnail","hentry","category-e-infantil","category-escola-porcel-de-cervera","category-general","category-portada","category-primaria"],"post_mailing_queue_ids":[],"_links":{"self":[{"href":"https:\/\/agora.xtec.cat\/zer-pedrera\/wp-json\/wp\/v2\/posts\/9413","targetHints":{"allow":["GET"]}}],"collection":[{"href":"https:\/\/agora.xtec.cat\/zer-pedrera\/wp-json\/wp\/v2\/posts"}],"about":[{"href":"https:\/\/agora.xtec.cat\/zer-pedrera\/wp-json\/wp\/v2\/types\/post"}],"author":[{"embeddable":true,"href":"https:\/\/agora.xtec.cat\/zer-pedrera\/wp-json\/wp\/v2\/users\/1"}],"replies":[{"embeddable":true,"href":"https:\/\/agora.xtec.cat\/zer-pedrera\/wp-json\/wp\/v2\/comments?post=9413"}],"version-history":[{"count":4,"href":"https:\/\/agora.xtec.cat\/zer-pedrera\/wp-json\/wp\/v2\/posts\/9413\/revisions"}],"predecessor-version":[{"id":9438,"href":"https:\/\/agora.xtec.cat\/zer-pedrera\/wp-json\/wp\/v2\/posts\/9413\/revisions\/9438"}],"wp:featuredmedia":[{"embeddable":true,"href":"https:\/\/agora.xtec.cat\/zer-pedrera\/wp-json\/wp\/v2\/media\/9439"}],"wp:attachment":[{"href":"https:\/\/agora.xtec.cat\/zer-pedrera\/wp-json\/wp\/v2\/media?parent=9413"}],"wp:term":[{"taxonomy":"category","embeddable":true,"href":"https:\/\/agora.xtec.cat\/zer-pedrera\/wp-json\/wp\/v2\/categories?post=9413"},{"taxonomy":"post_tag","embeddable":true,"href":"https:\/\/agora.xtec.cat\/zer-pedrera\/wp-json\/wp\/v2\/tags?post=9413"}],"curies":[{"name":"wp","href":"https:\/\/api.w.org\/{rel}","templated":true}]}}