{"id":9409,"date":"2025-05-13T15:54:56","date_gmt":"2025-05-13T13:54:56","guid":{"rendered":"https:\/\/agora.xtec.cat\/zer-pedrera\/?p=9409"},"modified":"2025-05-13T15:54:56","modified_gmt":"2025-05-13T13:54:56","slug":"celebrem-st-jordi-escola-porcel-de-cervera","status":"publish","type":"post","link":"https:\/\/agora.xtec.cat\/zer-pedrera\/general\/celebrem-st-jordi-escola-porcel-de-cervera\/","title":{"rendered":"Celebrem St. Jordi. Escola Porcel de Cervera"},"content":{"rendered":"<p>Aquest any el dia de St.Jordi ha estat una mica diferent. Durant el mat\u00ed vam fer algunes activitat relacionades amb aquest dia , aix\u00ed com un recital de poemes creats perls propis alumnes de CM I CS. Per la tarda, vam fer una representaci\u00f3 lliure de la llegenda de Sant Jordi. Els alumnes van<br \/>\ninterpretar els personatges amb molta il\u00b7lusi\u00f3 i creativitat, recreant la hist\u00f2ria com m\u00e9s els hi<br \/>\nagradava i fent-la m\u00e9s alternativa. La representaci\u00f3 va ser molt emotiva i divertida per a<br \/>\ntothom. Va ser una manera especial de celebrar aquesta festa i de con\u00e8ixer millor la llegenda.<br \/>\nTots vam gaudir molt de l\u2019activitat i de compartir aquesta tradici\u00f3 junts.<br \/>\nPer tindre un record d\u2019aquest dia tant important vam fer roses de les nostres mans i ens ho vam emportar a casa.<\/p>\n<p><a href=\"https:\/\/photos.app.goo.gl\/vBXJqWgzCjRFma5D7\">https:\/\/photos.app.goo.gl\/vBXJqWgzCjRFma5D7<\/a><\/p>\n<p>&nbsp;<\/p>\n<p>&nbsp;<\/p>\n","protected":false},"excerpt":{"rendered":"<p>Aquest any el dia de St.Jordi ha estat una mica diferent. Durant el mat\u00ed vam fer algunes activitat relacionades amb aquest dia , aix\u00ed com un recital de poemes creats perls propis alumnes de CM I CS. Per la tarda, vam fer una representaci\u00f3 lliure&hellip;  <a href=\"https:\/\/agora.xtec.cat\/zer-pedrera\/general\/celebrem-st-jordi-escola-porcel-de-cervera\/\" title=\"Read Celebrem St. Jordi. Escola Porcel de Cervera\">Llegeix m\u00e9s\u00bb<\/a><\/p>\n","protected":false},"author":1,"featured_media":9456,"comment_status":"open","ping_status":"closed","sticky":false,"template":"","format":"standard","meta":{"_bbp_topic_count":0,"_bbp_reply_count":0,"_bbp_total_topic_count":0,"_bbp_total_reply_count":0,"_bbp_voice_count":0,"_bbp_anonymous_reply_count":0,"_bbp_topic_count_hidden":0,"_bbp_reply_count_hidden":0,"_bbp_forum_subforum_count":0,"footnotes":""},"categories":[113,111,1,29,89],"tags":[],"class_list":["post-9409","post","type-post","status-publish","format-standard","has-post-thumbnail","hentry","category-e-infantil","category-escola-porcel-de-cervera","category-general","category-portada","category-primaria"],"post_mailing_queue_ids":[],"_links":{"self":[{"href":"https:\/\/agora.xtec.cat\/zer-pedrera\/wp-json\/wp\/v2\/posts\/9409","targetHints":{"allow":["GET"]}}],"collection":[{"href":"https:\/\/agora.xtec.cat\/zer-pedrera\/wp-json\/wp\/v2\/posts"}],"about":[{"href":"https:\/\/agora.xtec.cat\/zer-pedrera\/wp-json\/wp\/v2\/types\/post"}],"author":[{"embeddable":true,"href":"https:\/\/agora.xtec.cat\/zer-pedrera\/wp-json\/wp\/v2\/users\/1"}],"replies":[{"embeddable":true,"href":"https:\/\/agora.xtec.cat\/zer-pedrera\/wp-json\/wp\/v2\/comments?post=9409"}],"version-history":[{"count":2,"href":"https:\/\/agora.xtec.cat\/zer-pedrera\/wp-json\/wp\/v2\/posts\/9409\/revisions"}],"predecessor-version":[{"id":9457,"href":"https:\/\/agora.xtec.cat\/zer-pedrera\/wp-json\/wp\/v2\/posts\/9409\/revisions\/9457"}],"wp:featuredmedia":[{"embeddable":true,"href":"https:\/\/agora.xtec.cat\/zer-pedrera\/wp-json\/wp\/v2\/media\/9456"}],"wp:attachment":[{"href":"https:\/\/agora.xtec.cat\/zer-pedrera\/wp-json\/wp\/v2\/media?parent=9409"}],"wp:term":[{"taxonomy":"category","embeddable":true,"href":"https:\/\/agora.xtec.cat\/zer-pedrera\/wp-json\/wp\/v2\/categories?post=9409"},{"taxonomy":"post_tag","embeddable":true,"href":"https:\/\/agora.xtec.cat\/zer-pedrera\/wp-json\/wp\/v2\/tags?post=9409"}],"curies":[{"name":"wp","href":"https:\/\/api.w.org\/{rel}","templated":true}]}}