{"id":9405,"date":"2025-05-21T16:44:28","date_gmt":"2025-05-21T14:44:28","guid":{"rendered":"https:\/\/agora.xtec.cat\/zer-pedrera\/?p=9405"},"modified":"2025-05-21T16:44:28","modified_gmt":"2025-05-21T14:44:28","slug":"fem-la-mona-de-pasqua-alumnat-porcel-de-cervera","status":"publish","type":"post","link":"https:\/\/agora.xtec.cat\/zer-pedrera\/general\/fem-la-mona-de-pasqua-alumnat-porcel-de-cervera\/","title":{"rendered":"Fem la Mona de Pasqua. Alumnat Porcel de Cervera"},"content":{"rendered":"<p><span style=\"font-weight: 400;\">Abans de les vacances de Setmana Santa vam fer la mona a classe, decorant-la amb molta il\u00b7lusi\u00f3. Despr\u00e9s vam anar al parc, on ens la vam menjar tots junts gaudint del bon temps. Tamb\u00e9 vam fer una divertida cerca d\u2019ous de Pasqua amagats entre els arbres. Va ser una jornada molt especial i entretinguda!<\/span><\/p>\n<p>Cliqueu per veure les fotos<\/p>\n<p><a href=\"https:\/\/photos.app.goo.gl\/kVHemPLz55vUTVGH6\">https:\/\/photos.app.goo.gl\/kVHemPLz55vUTVGH6<\/a><\/p>\n","protected":false},"excerpt":{"rendered":"<p>Abans de les vacances de Setmana Santa vam fer la mona a classe, decorant-la amb molta il\u00b7lusi\u00f3. Despr\u00e9s vam anar al parc, on ens la vam menjar tots junts gaudint del bon temps. Tamb\u00e9 vam fer una divertida cerca d\u2019ous de Pasqua amagats entre els&hellip;  <a href=\"https:\/\/agora.xtec.cat\/zer-pedrera\/general\/fem-la-mona-de-pasqua-alumnat-porcel-de-cervera\/\" title=\"Read Fem la Mona de Pasqua. Alumnat Porcel de Cervera\">Llegeix m\u00e9s\u00bb<\/a><\/p>\n","protected":false},"author":1,"featured_media":9496,"comment_status":"open","ping_status":"closed","sticky":false,"template":"","format":"standard","meta":{"_bbp_topic_count":0,"_bbp_reply_count":0,"_bbp_total_topic_count":0,"_bbp_total_reply_count":0,"_bbp_voice_count":0,"_bbp_anonymous_reply_count":0,"_bbp_topic_count_hidden":0,"_bbp_reply_count_hidden":0,"_bbp_forum_subforum_count":0,"footnotes":""},"categories":[113,111,1,29,89],"tags":[],"class_list":["post-9405","post","type-post","status-publish","format-standard","has-post-thumbnail","hentry","category-e-infantil","category-escola-porcel-de-cervera","category-general","category-portada","category-primaria"],"post_mailing_queue_ids":[],"_links":{"self":[{"href":"https:\/\/agora.xtec.cat\/zer-pedrera\/wp-json\/wp\/v2\/posts\/9405","targetHints":{"allow":["GET"]}}],"collection":[{"href":"https:\/\/agora.xtec.cat\/zer-pedrera\/wp-json\/wp\/v2\/posts"}],"about":[{"href":"https:\/\/agora.xtec.cat\/zer-pedrera\/wp-json\/wp\/v2\/types\/post"}],"author":[{"embeddable":true,"href":"https:\/\/agora.xtec.cat\/zer-pedrera\/wp-json\/wp\/v2\/users\/1"}],"replies":[{"embeddable":true,"href":"https:\/\/agora.xtec.cat\/zer-pedrera\/wp-json\/wp\/v2\/comments?post=9405"}],"version-history":[{"count":3,"href":"https:\/\/agora.xtec.cat\/zer-pedrera\/wp-json\/wp\/v2\/posts\/9405\/revisions"}],"predecessor-version":[{"id":9497,"href":"https:\/\/agora.xtec.cat\/zer-pedrera\/wp-json\/wp\/v2\/posts\/9405\/revisions\/9497"}],"wp:featuredmedia":[{"embeddable":true,"href":"https:\/\/agora.xtec.cat\/zer-pedrera\/wp-json\/wp\/v2\/media\/9496"}],"wp:attachment":[{"href":"https:\/\/agora.xtec.cat\/zer-pedrera\/wp-json\/wp\/v2\/media?parent=9405"}],"wp:term":[{"taxonomy":"category","embeddable":true,"href":"https:\/\/agora.xtec.cat\/zer-pedrera\/wp-json\/wp\/v2\/categories?post=9405"},{"taxonomy":"post_tag","embeddable":true,"href":"https:\/\/agora.xtec.cat\/zer-pedrera\/wp-json\/wp\/v2\/tags?post=9405"}],"curies":[{"name":"wp","href":"https:\/\/api.w.org\/{rel}","templated":true}]}}