{"id":9399,"date":"2025-05-12T10:18:06","date_gmt":"2025-05-12T08:18:06","guid":{"rendered":"https:\/\/agora.xtec.cat\/zer-pedrera\/?p=9399"},"modified":"2025-11-11T12:35:27","modified_gmt":"2025-11-11T11:35:27","slug":"zer-pedrera-primera-jornada-de-robotica","status":"publish","type":"post","link":"https:\/\/agora.xtec.cat\/zer-pedrera\/general\/zer-pedrera-primera-jornada-de-robotica\/","title":{"rendered":"ZER Pedrera. Primera Jornada de Rob\u00f2tica"},"content":{"rendered":"<p>El\u00a0<strong>9 de maig de 2025<\/strong> ha tingut lloc la <strong>1a Jornada de Rob\u00f2tica Educativa a les Garrigues<\/strong><strong>, <\/strong>adre\u00e7ada\u00a0a tot l\u2019alumnat de\u00a0<strong>5\u00e8 de prim\u00e0ria<\/strong>\u00a0de les Garrigues, i amb la col\u00b7laboraci\u00f3 de l\u2019alumnat de 4t d\u2019ESO de l\u2019INS l\u2019Olivera de La Granadella.<\/p>\n<p>La jornada ha buscat introduir a l\u2019alumnat en el m\u00f3n de la rob\u00f2tica i la programaci\u00f3 d\u2019una manera divertida i engrescadora, afavorint l\u2019aprenentatge actiu a partir de la dotaci\u00f3 en rob\u00f2tica que tenen les escoles. Els reptes i activitats han estat dissenyats i coordinats pels participants a la subxarxa de coordinadors digitals.<\/p>\n<p><a href=\"https:\/\/agora.xtec.cat\/zer-pedrera\/wp-content\/uploads\/usu1473\/2025\/05\/1_TROBADA__2_-001-removebg-preview.png\"><img loading=\"lazy\" decoding=\"async\" class=\"alignnone size-full wp-image-9441\" src=\"https:\/\/agora.xtec.cat\/zer-pedrera\/wp-content\/uploads\/usu1473\/2025\/05\/1_TROBADA__2_-001-removebg-preview.png\" alt=\"\" width=\"300\" height=\"300\" srcset=\"https:\/\/agora.xtec.cat\/zer-pedrera\/wp-content\/uploads\/usu1473\/2025\/05\/1_TROBADA__2_-001-removebg-preview.png 300w, https:\/\/agora.xtec.cat\/zer-pedrera\/wp-content\/uploads\/usu1473\/2025\/05\/1_TROBADA__2_-001-removebg-preview-150x150.png 150w\" sizes=\"auto, (max-width: 300px) 100vw, 300px\" \/><\/a><\/p>\n","protected":false},"excerpt":{"rendered":"<p>El\u00a09 de maig de 2025 ha tingut lloc la 1a Jornada de Rob\u00f2tica Educativa a les Garrigues, adre\u00e7ada\u00a0a tot l\u2019alumnat de\u00a05\u00e8 de prim\u00e0ria\u00a0de les Garrigues, i amb la col\u00b7laboraci\u00f3 de l\u2019alumnat de 4t d\u2019ESO de l\u2019INS l\u2019Olivera de La Granadella.<br \/>\nLa jornada ha buscat introduir a&hellip;  <a href=\"https:\/\/agora.xtec.cat\/zer-pedrera\/general\/zer-pedrera-primera-jornada-de-robotica\/\" title=\"Read ZER Pedrera. Primera Jornada de Rob\u00f2tica\">Llegeix m\u00e9s\u00bb<\/a><\/p>\n","protected":false},"author":1,"featured_media":9441,"comment_status":"open","ping_status":"closed","sticky":false,"template":"","format":"standard","meta":{"_bbp_topic_count":0,"_bbp_reply_count":0,"_bbp_total_topic_count":0,"_bbp_total_reply_count":0,"_bbp_voice_count":0,"_bbp_anonymous_reply_count":0,"_bbp_topic_count_hidden":0,"_bbp_reply_count_hidden":0,"_bbp_forum_subforum_count":0,"footnotes":""},"categories":[110,111,1,29,89,120,214],"tags":[],"class_list":["post-9399","post","type-post","status-publish","format-standard","has-post-thumbnail","hentry","category-escola-abat-ruera","category-escola-porcel-de-cervera","category-general","category-portada","category-primaria","category-projectes","category-tac-i-robotica-a-la-nostra-zer"],"post_mailing_queue_ids":[],"_links":{"self":[{"href":"https:\/\/agora.xtec.cat\/zer-pedrera\/wp-json\/wp\/v2\/posts\/9399","targetHints":{"allow":["GET"]}}],"collection":[{"href":"https:\/\/agora.xtec.cat\/zer-pedrera\/wp-json\/wp\/v2\/posts"}],"about":[{"href":"https:\/\/agora.xtec.cat\/zer-pedrera\/wp-json\/wp\/v2\/types\/post"}],"author":[{"embeddable":true,"href":"https:\/\/agora.xtec.cat\/zer-pedrera\/wp-json\/wp\/v2\/users\/1"}],"replies":[{"embeddable":true,"href":"https:\/\/agora.xtec.cat\/zer-pedrera\/wp-json\/wp\/v2\/comments?post=9399"}],"version-history":[{"count":1,"href":"https:\/\/agora.xtec.cat\/zer-pedrera\/wp-json\/wp\/v2\/posts\/9399\/revisions"}],"predecessor-version":[{"id":9442,"href":"https:\/\/agora.xtec.cat\/zer-pedrera\/wp-json\/wp\/v2\/posts\/9399\/revisions\/9442"}],"wp:featuredmedia":[{"embeddable":true,"href":"https:\/\/agora.xtec.cat\/zer-pedrera\/wp-json\/wp\/v2\/media\/9441"}],"wp:attachment":[{"href":"https:\/\/agora.xtec.cat\/zer-pedrera\/wp-json\/wp\/v2\/media?parent=9399"}],"wp:term":[{"taxonomy":"category","embeddable":true,"href":"https:\/\/agora.xtec.cat\/zer-pedrera\/wp-json\/wp\/v2\/categories?post=9399"},{"taxonomy":"post_tag","embeddable":true,"href":"https:\/\/agora.xtec.cat\/zer-pedrera\/wp-json\/wp\/v2\/tags?post=9399"}],"curies":[{"name":"wp","href":"https:\/\/api.w.org\/{rel}","templated":true}]}}