{"id":9391,"date":"2025-05-04T18:02:02","date_gmt":"2025-05-04T16:02:02","guid":{"rendered":"https:\/\/agora.xtec.cat\/zer-pedrera\/?p=9391"},"modified":"2025-05-04T18:04:20","modified_gmt":"2025-05-04T16:04:20","slug":"zer-la-pedrera-english-day","status":"publish","type":"post","link":"https:\/\/agora.xtec.cat\/zer-pedrera\/general\/zer-la-pedrera-english-day\/","title":{"rendered":"ZER Pedrera. English Day"},"content":{"rendered":"<p>El dia 30 d\u2019abril s&#8217;ha celebrat a les Borges Blanques l\u2019activitat \u201cEnglish Day\u201d. Han participat els alumnes de 5\u00e8 i 6\u00e8 de la nostra ZER.<\/p>\n<p>Aquesta jornada t\u00e9 com a objectiu l\u2019intercanvi d\u2019experi\u00e8ncies entre les escoles participants, creant un espai de relaci\u00f3 i cohesi\u00f3 comarcal per mitj\u00e0 de la pr\u00e0ctica de la llengua anglesa. La iniciativa est\u00e0 organitzada per les especialistes en llengua anglesa de la comarca en col\u00b7laboraci\u00f3 amb el\u00a0Centre de Recursos Pedag\u00f2gics de les Garrigues, el Consell Comarcal, la Diputaci\u00f3 de Lleida i l\u2019Ajuntament de les Borges Blanques.<\/p>\n<p><a href=\"https:\/\/agora.xtec.cat\/zer-pedrera\/wp-content\/uploads\/usu1473\/2025\/05\/english-day.png\"><img loading=\"lazy\" decoding=\"async\" class=\"alignnone size-full wp-image-9392\" src=\"https:\/\/agora.xtec.cat\/zer-pedrera\/wp-content\/uploads\/usu1473\/2025\/05\/english-day.png\" alt=\"\" width=\"150\" height=\"150\" \/><\/a><\/p>\n<p>&nbsp;<\/p>\n","protected":false},"excerpt":{"rendered":"<p>El dia 30 d\u2019abril s&#8217;ha celebrat a les Borges Blanques l\u2019activitat \u201cEnglish Day\u201d. Han participat els alumnes de 5\u00e8 i 6\u00e8 de la nostra ZER.<br \/>\nAquesta jornada t\u00e9 com a objectiu l\u2019intercanvi d\u2019experi\u00e8ncies entre les escoles participants, creant un espai de relaci\u00f3 i cohesi\u00f3 comarcal per&hellip;  <a href=\"https:\/\/agora.xtec.cat\/zer-pedrera\/general\/zer-la-pedrera-english-day\/\" title=\"Read ZER Pedrera. English Day\">Llegeix m\u00e9s\u00bb<\/a><\/p>\n","protected":false},"author":1,"featured_media":9392,"comment_status":"open","ping_status":"closed","sticky":false,"template":"","format":"standard","meta":{"_bbp_topic_count":0,"_bbp_reply_count":0,"_bbp_total_topic_count":0,"_bbp_total_reply_count":0,"_bbp_voice_count":0,"_bbp_anonymous_reply_count":0,"_bbp_topic_count_hidden":0,"_bbp_reply_count_hidden":0,"_bbp_forum_subforum_count":0,"footnotes":""},"categories":[123,110,1,29,89],"tags":[],"class_list":["post-9391","post","type-post","status-publish","format-standard","has-post-thumbnail","hentry","category-angles","category-escola-abat-ruera","category-general","category-portada","category-primaria"],"post_mailing_queue_ids":[],"_links":{"self":[{"href":"https:\/\/agora.xtec.cat\/zer-pedrera\/wp-json\/wp\/v2\/posts\/9391","targetHints":{"allow":["GET"]}}],"collection":[{"href":"https:\/\/agora.xtec.cat\/zer-pedrera\/wp-json\/wp\/v2\/posts"}],"about":[{"href":"https:\/\/agora.xtec.cat\/zer-pedrera\/wp-json\/wp\/v2\/types\/post"}],"author":[{"embeddable":true,"href":"https:\/\/agora.xtec.cat\/zer-pedrera\/wp-json\/wp\/v2\/users\/1"}],"replies":[{"embeddable":true,"href":"https:\/\/agora.xtec.cat\/zer-pedrera\/wp-json\/wp\/v2\/comments?post=9391"}],"version-history":[{"count":2,"href":"https:\/\/agora.xtec.cat\/zer-pedrera\/wp-json\/wp\/v2\/posts\/9391\/revisions"}],"predecessor-version":[{"id":9395,"href":"https:\/\/agora.xtec.cat\/zer-pedrera\/wp-json\/wp\/v2\/posts\/9391\/revisions\/9395"}],"wp:featuredmedia":[{"embeddable":true,"href":"https:\/\/agora.xtec.cat\/zer-pedrera\/wp-json\/wp\/v2\/media\/9392"}],"wp:attachment":[{"href":"https:\/\/agora.xtec.cat\/zer-pedrera\/wp-json\/wp\/v2\/media?parent=9391"}],"wp:term":[{"taxonomy":"category","embeddable":true,"href":"https:\/\/agora.xtec.cat\/zer-pedrera\/wp-json\/wp\/v2\/categories?post=9391"},{"taxonomy":"post_tag","embeddable":true,"href":"https:\/\/agora.xtec.cat\/zer-pedrera\/wp-json\/wp\/v2\/tags?post=9391"}],"curies":[{"name":"wp","href":"https:\/\/api.w.org\/{rel}","templated":true}]}}