{"id":9381,"date":"2025-04-29T18:29:17","date_gmt":"2025-04-29T16:29:17","guid":{"rendered":"https:\/\/agora.xtec.cat\/zer-pedrera\/?p=9381"},"modified":"2025-04-29T18:29:17","modified_gmt":"2025-04-29T16:29:17","slug":"ei-de-lescola-abat-ruera-descobrint-la-magia-de-la-pasqua-a-educacio-infantil","status":"publish","type":"post","link":"https:\/\/agora.xtec.cat\/zer-pedrera\/general\/ei-de-lescola-abat-ruera-descobrint-la-magia-de-la-pasqua-a-educacio-infantil\/","title":{"rendered":"EI de l&#8217;escola Abat Ruera. Descobrint la M\u00e0gia de la Pasqua a Educaci\u00f3 Infantil"},"content":{"rendered":"<p>Amb l&#8217;arribada de la primavera i les festes de Pasqua, els nens i nenes d&#8217;Educaci\u00f3 infantil de la nostra escola han viscut unes setmanes plenes de creativitat, il.lusi\u00f3 i descobriments. Els &#8220;racons de Pasqua&#8221;, pensats amb espais tem\u00e0tics dins l&#8217;aula, han estat protagonistes d&#8217;un aprenentatge vivencial on cada detall despertava emocions i ganes d&#8217;aprendre.<\/p>\n<p>Els racons de Pasqua no nom\u00e9s s\u00f3n espais de propostes, sin\u00f3 tamb\u00e9 racons de mem\u00f2ria i d&#8217;emoci\u00f3, on els infants aprenen gaudint, creant i compartint.<\/p>\n<p>Per veure m\u00e9s fotografies clicar damunt de la imatge.<\/p>\n<p><a href=\"https:\/\/photos.app.goo.gl\/jLGQLQBRkYgnGHvP8\" target=\"_blank\" rel=\"noopener\"><img loading=\"lazy\" decoding=\"async\" class=\"alignnone size-full wp-image-9384\" src=\"https:\/\/agora.xtec.cat\/zer-pedrera\/wp-content\/uploads\/usu1473\/2025\/04\/IMG-20250429-WA0027.jpg\" alt=\"\" width=\"300\" height=\"225\" srcset=\"https:\/\/agora.xtec.cat\/zer-pedrera\/wp-content\/uploads\/usu1473\/2025\/04\/IMG-20250429-WA0027.jpg 300w, https:\/\/agora.xtec.cat\/zer-pedrera\/wp-content\/uploads\/usu1473\/2025\/04\/IMG-20250429-WA0027-200x150.jpg 200w\" sizes=\"auto, (max-width: 300px) 100vw, 300px\" \/><\/a><\/p>\n<p>&nbsp;<\/p>\n","protected":false},"excerpt":{"rendered":"<p>Amb l&#8217;arribada de la primavera i les festes de Pasqua, els nens i nenes d&#8217;Educaci\u00f3 infantil de la nostra escola han viscut unes setmanes plenes de creativitat, il.lusi\u00f3 i descobriments. Els &#8220;racons de Pasqua&#8221;, pensats amb espais tem\u00e0tics dins l&#8217;aula, han estat protagonistes d&#8217;un aprenentatge&hellip;  <a href=\"https:\/\/agora.xtec.cat\/zer-pedrera\/general\/ei-de-lescola-abat-ruera-descobrint-la-magia-de-la-pasqua-a-educacio-infantil\/\" title=\"Read EI de l&#8217;escola Abat Ruera. Descobrint la M\u00e0gia de la Pasqua a Educaci\u00f3 Infantil\">Llegeix m\u00e9s\u00bb<\/a><\/p>\n","protected":false},"author":1,"featured_media":9384,"comment_status":"open","ping_status":"closed","sticky":false,"template":"","format":"standard","meta":{"_bbp_topic_count":0,"_bbp_reply_count":0,"_bbp_total_topic_count":0,"_bbp_total_reply_count":0,"_bbp_voice_count":0,"_bbp_anonymous_reply_count":0,"_bbp_topic_count_hidden":0,"_bbp_reply_count_hidden":0,"_bbp_forum_subforum_count":0,"footnotes":""},"categories":[125,113,110,1,116,29,120],"tags":[],"class_list":["post-9381","post","type-post","status-publish","format-standard","has-post-thumbnail","hentry","category-catala","category-e-infantil","category-escola-abat-ruera","category-general","category-medi","category-portada","category-projectes"],"post_mailing_queue_ids":[],"_links":{"self":[{"href":"https:\/\/agora.xtec.cat\/zer-pedrera\/wp-json\/wp\/v2\/posts\/9381","targetHints":{"allow":["GET"]}}],"collection":[{"href":"https:\/\/agora.xtec.cat\/zer-pedrera\/wp-json\/wp\/v2\/posts"}],"about":[{"href":"https:\/\/agora.xtec.cat\/zer-pedrera\/wp-json\/wp\/v2\/types\/post"}],"author":[{"embeddable":true,"href":"https:\/\/agora.xtec.cat\/zer-pedrera\/wp-json\/wp\/v2\/users\/1"}],"replies":[{"embeddable":true,"href":"https:\/\/agora.xtec.cat\/zer-pedrera\/wp-json\/wp\/v2\/comments?post=9381"}],"version-history":[{"count":3,"href":"https:\/\/agora.xtec.cat\/zer-pedrera\/wp-json\/wp\/v2\/posts\/9381\/revisions"}],"predecessor-version":[{"id":9385,"href":"https:\/\/agora.xtec.cat\/zer-pedrera\/wp-json\/wp\/v2\/posts\/9381\/revisions\/9385"}],"wp:featuredmedia":[{"embeddable":true,"href":"https:\/\/agora.xtec.cat\/zer-pedrera\/wp-json\/wp\/v2\/media\/9384"}],"wp:attachment":[{"href":"https:\/\/agora.xtec.cat\/zer-pedrera\/wp-json\/wp\/v2\/media?parent=9381"}],"wp:term":[{"taxonomy":"category","embeddable":true,"href":"https:\/\/agora.xtec.cat\/zer-pedrera\/wp-json\/wp\/v2\/categories?post=9381"},{"taxonomy":"post_tag","embeddable":true,"href":"https:\/\/agora.xtec.cat\/zer-pedrera\/wp-json\/wp\/v2\/tags?post=9381"}],"curies":[{"name":"wp","href":"https:\/\/api.w.org\/{rel}","templated":true}]}}