{"id":9367,"date":"2025-04-28T10:59:06","date_gmt":"2025-04-28T08:59:06","guid":{"rendered":"https:\/\/agora.xtec.cat\/zer-pedrera\/?p=9367"},"modified":"2025-04-28T10:59:06","modified_gmt":"2025-04-28T08:59:06","slug":"escola-abat-ruera-diada-de-sant-jordi","status":"publish","type":"post","link":"https:\/\/agora.xtec.cat\/zer-pedrera\/general\/escola-abat-ruera-diada-de-sant-jordi\/","title":{"rendered":"Escola Abat Ruera. Diada de Sant Jordi"},"content":{"rendered":"<p>La tarda del dia 23 d&#8217;abril, l&#8217;escola Abat Ruera es va convertir en un aut\u00e8ntic castell medieval. La primera activitat de la tarda va ser la d&#8217;intercanvi de llibres. Tot l&#8217;alumnat de l&#8217;escola van portar llibres de casa per poder-los intercanviar entre els seus companys\/es. Despr\u00e9s d&#8217;una estona mirant i fullejant els contes de les taules, els nens i nenes van poder escollir aquell llibre que m\u00e9s els agradava. Ara toca ficar-se a llegir!<\/p>\n<p>Seguidament, l&#8217;alumnat de segon cicle d&#8217;Educaci\u00f3 Infantil ens van fer una narraci\u00f3 de la llegenda de sant Jordi. La representaci\u00f3 anava acompanyada pels dibuixos que han fet els mateixos alumnes.<\/p>\n<p>Per finalitzar i de forma espont\u00e0nia, alumnes de CS van llegir poemes a tots els presents.<\/p>\n<p>Per veure fotografies de la Diada nom\u00e9s cal clicar damunt de la imatge.<\/p>\n<p><a href=\"https:\/\/photos.app.goo.gl\/oT9UzJw13GReKzS98\" target=\"_blank\" rel=\"noopener\"><img loading=\"lazy\" decoding=\"async\" class=\"alignnone size-full wp-image-9369\" src=\"https:\/\/agora.xtec.cat\/zer-pedrera\/wp-content\/uploads\/usu1473\/2025\/04\/IMG-20250423-WA0005.jpg\" alt=\"\" width=\"300\" height=\"240\" \/><\/a><\/p>\n","protected":false},"excerpt":{"rendered":"<p>La tarda del dia 23 d&#8217;abril, l&#8217;escola Abat Ruera es va convertir en un aut\u00e8ntic castell medieval. La primera activitat de la tarda va ser la d&#8217;intercanvi de llibres. Tot l&#8217;alumnat de l&#8217;escola van portar llibres de casa per poder-los intercanviar entre els seus companys\/es.&hellip;  <a href=\"https:\/\/agora.xtec.cat\/zer-pedrera\/general\/escola-abat-ruera-diada-de-sant-jordi\/\" title=\"Read Escola Abat Ruera. Diada de Sant Jordi\">Llegeix m\u00e9s\u00bb<\/a><\/p>\n","protected":false},"author":1,"featured_media":9369,"comment_status":"open","ping_status":"closed","sticky":false,"template":"","format":"standard","meta":{"_bbp_topic_count":0,"_bbp_reply_count":0,"_bbp_total_topic_count":0,"_bbp_total_reply_count":0,"_bbp_voice_count":0,"_bbp_anonymous_reply_count":0,"_bbp_topic_count_hidden":0,"_bbp_reply_count_hidden":0,"_bbp_forum_subforum_count":0,"footnotes":""},"categories":[113,110,1,29,89],"tags":[],"class_list":["post-9367","post","type-post","status-publish","format-standard","has-post-thumbnail","hentry","category-e-infantil","category-escola-abat-ruera","category-general","category-portada","category-primaria"],"post_mailing_queue_ids":[],"_links":{"self":[{"href":"https:\/\/agora.xtec.cat\/zer-pedrera\/wp-json\/wp\/v2\/posts\/9367","targetHints":{"allow":["GET"]}}],"collection":[{"href":"https:\/\/agora.xtec.cat\/zer-pedrera\/wp-json\/wp\/v2\/posts"}],"about":[{"href":"https:\/\/agora.xtec.cat\/zer-pedrera\/wp-json\/wp\/v2\/types\/post"}],"author":[{"embeddable":true,"href":"https:\/\/agora.xtec.cat\/zer-pedrera\/wp-json\/wp\/v2\/users\/1"}],"replies":[{"embeddable":true,"href":"https:\/\/agora.xtec.cat\/zer-pedrera\/wp-json\/wp\/v2\/comments?post=9367"}],"version-history":[{"count":6,"href":"https:\/\/agora.xtec.cat\/zer-pedrera\/wp-json\/wp\/v2\/posts\/9367\/revisions"}],"predecessor-version":[{"id":9375,"href":"https:\/\/agora.xtec.cat\/zer-pedrera\/wp-json\/wp\/v2\/posts\/9367\/revisions\/9375"}],"wp:featuredmedia":[{"embeddable":true,"href":"https:\/\/agora.xtec.cat\/zer-pedrera\/wp-json\/wp\/v2\/media\/9369"}],"wp:attachment":[{"href":"https:\/\/agora.xtec.cat\/zer-pedrera\/wp-json\/wp\/v2\/media?parent=9367"}],"wp:term":[{"taxonomy":"category","embeddable":true,"href":"https:\/\/agora.xtec.cat\/zer-pedrera\/wp-json\/wp\/v2\/categories?post=9367"},{"taxonomy":"post_tag","embeddable":true,"href":"https:\/\/agora.xtec.cat\/zer-pedrera\/wp-json\/wp\/v2\/tags?post=9367"}],"curies":[{"name":"wp","href":"https:\/\/api.w.org\/{rel}","templated":true}]}}