{"id":9360,"date":"2025-04-24T19:24:08","date_gmt":"2025-04-24T17:24:08","guid":{"rendered":"https:\/\/agora.xtec.cat\/zer-pedrera\/?p=9360"},"modified":"2025-04-24T19:24:08","modified_gmt":"2025-04-24T17:24:08","slug":"escola-abat-ruera-sortida-literaria","status":"publish","type":"post","link":"https:\/\/agora.xtec.cat\/zer-pedrera\/general\/escola-abat-ruera-sortida-literaria\/","title":{"rendered":"Escola Abat Ruera. Sortida liter\u00e0ria"},"content":{"rendered":"<p>El dia 23 d&#8217;abril ha estat una diada molt intensa i plena d&#8217;activitats. Hem comen\u00e7at al mat\u00ed amb una sortida liter\u00e0ria. Tot l&#8217;alumnat i professorat hem anat caminant pel terme i hem esmorzat al tros del padr\u00ed d&#8217;un alumne de Cicle Inicial. Tot seguit, hem agafat els llibres que port\u00e0vem i hem comen\u00e7at a llegir.<\/p>\n<p>Ha estat una gran experi\u00e8ncia. La brisa de l&#8217;aire, el so dels ocells i la tranquil\u00b7litat d&#8217;estar envoltat de natura ens ha perm\u00e8s endinsar-nos plenament en la hist\u00f2ria dels contes.<\/p>\n<p>Per veure m\u00e9s fotografies de l&#8217;activitat clicar damunt de la imatge.<\/p>\n<p><a href=\"https:\/\/photos.app.goo.gl\/RnjWvdwJXH3M7ZZy9\" target=\"_blank\" rel=\"noopener\"><img loading=\"lazy\" decoding=\"async\" class=\"alignnone size-full wp-image-9365\" src=\"https:\/\/agora.xtec.cat\/zer-pedrera\/wp-content\/uploads\/usu1473\/2025\/04\/IMG-20250423-WA0016.jpg\" alt=\"\" width=\"300\" height=\"225\" srcset=\"https:\/\/agora.xtec.cat\/zer-pedrera\/wp-content\/uploads\/usu1473\/2025\/04\/IMG-20250423-WA0016.jpg 300w, https:\/\/agora.xtec.cat\/zer-pedrera\/wp-content\/uploads\/usu1473\/2025\/04\/IMG-20250423-WA0016-200x150.jpg 200w\" sizes=\"auto, (max-width: 300px) 100vw, 300px\" \/><\/a><\/p>\n<p>&nbsp;<\/p>\n<p>&nbsp;<\/p>\n<p>&nbsp;<\/p>\n","protected":false},"excerpt":{"rendered":"<p>El dia 23 d&#8217;abril ha estat una diada molt intensa i plena d&#8217;activitats. Hem comen\u00e7at al mat\u00ed amb una sortida liter\u00e0ria. Tot l&#8217;alumnat i professorat hem anat caminant pel terme i hem esmorzat al tros del padr\u00ed d&#8217;un alumne de Cicle Inicial. Tot seguit, hem&hellip;  <a href=\"https:\/\/agora.xtec.cat\/zer-pedrera\/general\/escola-abat-ruera-sortida-literaria\/\" title=\"Read Escola Abat Ruera. Sortida liter\u00e0ria\">Llegeix m\u00e9s\u00bb<\/a><\/p>\n","protected":false},"author":1,"featured_media":9365,"comment_status":"open","ping_status":"closed","sticky":false,"template":"","format":"standard","meta":{"_bbp_topic_count":0,"_bbp_reply_count":0,"_bbp_total_topic_count":0,"_bbp_total_reply_count":0,"_bbp_voice_count":0,"_bbp_anonymous_reply_count":0,"_bbp_topic_count_hidden":0,"_bbp_reply_count_hidden":0,"_bbp_forum_subforum_count":0,"footnotes":""},"categories":[113,110,1,29,89],"tags":[],"class_list":["post-9360","post","type-post","status-publish","format-standard","has-post-thumbnail","hentry","category-e-infantil","category-escola-abat-ruera","category-general","category-portada","category-primaria"],"post_mailing_queue_ids":[],"_links":{"self":[{"href":"https:\/\/agora.xtec.cat\/zer-pedrera\/wp-json\/wp\/v2\/posts\/9360","targetHints":{"allow":["GET"]}}],"collection":[{"href":"https:\/\/agora.xtec.cat\/zer-pedrera\/wp-json\/wp\/v2\/posts"}],"about":[{"href":"https:\/\/agora.xtec.cat\/zer-pedrera\/wp-json\/wp\/v2\/types\/post"}],"author":[{"embeddable":true,"href":"https:\/\/agora.xtec.cat\/zer-pedrera\/wp-json\/wp\/v2\/users\/1"}],"replies":[{"embeddable":true,"href":"https:\/\/agora.xtec.cat\/zer-pedrera\/wp-json\/wp\/v2\/comments?post=9360"}],"version-history":[{"count":5,"href":"https:\/\/agora.xtec.cat\/zer-pedrera\/wp-json\/wp\/v2\/posts\/9360\/revisions"}],"predecessor-version":[{"id":9366,"href":"https:\/\/agora.xtec.cat\/zer-pedrera\/wp-json\/wp\/v2\/posts\/9360\/revisions\/9366"}],"wp:featuredmedia":[{"embeddable":true,"href":"https:\/\/agora.xtec.cat\/zer-pedrera\/wp-json\/wp\/v2\/media\/9365"}],"wp:attachment":[{"href":"https:\/\/agora.xtec.cat\/zer-pedrera\/wp-json\/wp\/v2\/media?parent=9360"}],"wp:term":[{"taxonomy":"category","embeddable":true,"href":"https:\/\/agora.xtec.cat\/zer-pedrera\/wp-json\/wp\/v2\/categories?post=9360"},{"taxonomy":"post_tag","embeddable":true,"href":"https:\/\/agora.xtec.cat\/zer-pedrera\/wp-json\/wp\/v2\/tags?post=9360"}],"curies":[{"name":"wp","href":"https:\/\/api.w.org\/{rel}","templated":true}]}}