{"id":9352,"date":"2025-04-22T16:12:57","date_gmt":"2025-04-22T14:12:57","guid":{"rendered":"https:\/\/agora.xtec.cat\/zer-pedrera\/?p=9352"},"modified":"2025-04-22T16:12:57","modified_gmt":"2025-04-22T14:12:57","slug":"visualitzem-el-dia-mundial-de-lautisme-escola-porcel-de-cervera","status":"publish","type":"post","link":"https:\/\/agora.xtec.cat\/zer-pedrera\/general\/visualitzem-el-dia-mundial-de-lautisme-escola-porcel-de-cervera\/","title":{"rendered":"Visualitzem el dia mundial de l&#8217;autisme. Escola Porcel de Cervera."},"content":{"rendered":"<p>El dia 2 d&#8217;abril per primer cop a la nostra escola vam anotar una nova data al calendari que ja deixarem per recordar sempre. Aquest any no pod\u00edem deixar de banda dedicar una jornada amb tot l&#8217;alumnat per visualitzar una de les grans dificultats en les que avui en dia es troben moltes persones, sobretot nens i nens en edat escolar com el nostre company, en el seu dia a dia. Ja fa temps que a l&#8217;escola treballem valors de consci\u00e8ncia, respecte, integraci\u00f3&#8230;per\u00f2 aquest any ho estem vivint en primeres persones\u00a0 i estem aprenent a conviure amb la inclusi\u00f3 d&#8217;aquests companys a la escola ordin\u00e0ria. Per tots nosaltres est\u00e0 sent un descobriment en positiu i estem aprenent a normalitzar les difer\u00e8ncies de tots i cadascun de nosaltres. Sabem per\u00f2 que no \u00e9s f\u00e0cil per aquests nens i nenes\u00a0 i per aix\u00f2 els volem recordar que tots som important i que tots som una pe\u00e7a clau del trencaclosques i ens necessitem per completar-lo! Eduquem per la igualtat i la inclusi\u00f3 en un mateix m\u00f3n!<\/p>\n<p>&nbsp;<\/p>\n","protected":false},"excerpt":{"rendered":"<p>El dia 2 d&#8217;abril per primer cop a la nostra escola vam anotar una nova data al calendari que ja deixarem per recordar sempre. Aquest any no pod\u00edem deixar de banda dedicar una jornada amb tot l&#8217;alumnat per visualitzar una de les grans dificultats en&hellip;  <a href=\"https:\/\/agora.xtec.cat\/zer-pedrera\/general\/visualitzem-el-dia-mundial-de-lautisme-escola-porcel-de-cervera\/\" title=\"Read Visualitzem el dia mundial de l&#8217;autisme. Escola Porcel de Cervera.\">Llegeix m\u00e9s\u00bb<\/a><\/p>\n","protected":false},"author":1,"featured_media":9353,"comment_status":"open","ping_status":"closed","sticky":false,"template":"","format":"standard","meta":{"_bbp_topic_count":0,"_bbp_reply_count":0,"_bbp_total_topic_count":0,"_bbp_total_reply_count":0,"_bbp_voice_count":0,"_bbp_anonymous_reply_count":0,"_bbp_topic_count_hidden":0,"_bbp_reply_count_hidden":0,"_bbp_forum_subforum_count":0,"footnotes":""},"categories":[113,111,1,29,89],"tags":[],"class_list":["post-9352","post","type-post","status-publish","format-standard","has-post-thumbnail","hentry","category-e-infantil","category-escola-porcel-de-cervera","category-general","category-portada","category-primaria"],"post_mailing_queue_ids":[],"_links":{"self":[{"href":"https:\/\/agora.xtec.cat\/zer-pedrera\/wp-json\/wp\/v2\/posts\/9352","targetHints":{"allow":["GET"]}}],"collection":[{"href":"https:\/\/agora.xtec.cat\/zer-pedrera\/wp-json\/wp\/v2\/posts"}],"about":[{"href":"https:\/\/agora.xtec.cat\/zer-pedrera\/wp-json\/wp\/v2\/types\/post"}],"author":[{"embeddable":true,"href":"https:\/\/agora.xtec.cat\/zer-pedrera\/wp-json\/wp\/v2\/users\/1"}],"replies":[{"embeddable":true,"href":"https:\/\/agora.xtec.cat\/zer-pedrera\/wp-json\/wp\/v2\/comments?post=9352"}],"version-history":[{"count":1,"href":"https:\/\/agora.xtec.cat\/zer-pedrera\/wp-json\/wp\/v2\/posts\/9352\/revisions"}],"predecessor-version":[{"id":9354,"href":"https:\/\/agora.xtec.cat\/zer-pedrera\/wp-json\/wp\/v2\/posts\/9352\/revisions\/9354"}],"wp:featuredmedia":[{"embeddable":true,"href":"https:\/\/agora.xtec.cat\/zer-pedrera\/wp-json\/wp\/v2\/media\/9353"}],"wp:attachment":[{"href":"https:\/\/agora.xtec.cat\/zer-pedrera\/wp-json\/wp\/v2\/media?parent=9352"}],"wp:term":[{"taxonomy":"category","embeddable":true,"href":"https:\/\/agora.xtec.cat\/zer-pedrera\/wp-json\/wp\/v2\/categories?post=9352"},{"taxonomy":"post_tag","embeddable":true,"href":"https:\/\/agora.xtec.cat\/zer-pedrera\/wp-json\/wp\/v2\/tags?post=9352"}],"curies":[{"name":"wp","href":"https:\/\/api.w.org\/{rel}","templated":true}]}}