{"id":9339,"date":"2025-05-12T10:17:20","date_gmt":"2025-05-12T08:17:20","guid":{"rendered":"https:\/\/agora.xtec.cat\/zer-pedrera\/?p=9339"},"modified":"2025-05-12T10:17:20","modified_gmt":"2025-05-12T08:17:20","slug":"escola-abat-ruera-taller-de-les-abelles","status":"publish","type":"post","link":"https:\/\/agora.xtec.cat\/zer-pedrera\/general\/escola-abat-ruera-taller-de-les-abelles\/","title":{"rendered":"Escola Abat Ruera. Taller de les abelles"},"content":{"rendered":"<p>El dia 9 d&#8217;abril, el Pep, el pare de la D\u00e0lia ens ha explicat moltes coses interessants sobre les abelles. \u00c9s un gran aficionat a les abelles i les coneix molt b\u00e9. Ens ha explicat algun dels seus costums, la seva alimentaci\u00f3, les tasques que realitzen&#8230; per\u00f2 el m\u00e9s important de tot \u00e9s que ens ha transm\u00e8s el respecte i l&#8217;estima envers aquests animals.<\/p>\n<p>Per finalitzar el taller, tot l&#8217;alumnat ha realitzat una vella que s&#8217;ha endut a casa.<\/p>\n<p>Moltes gr\u00e0cies, Pep per venir a l&#8217;escola!<\/p>\n<p>Per veure fotografies del taller clicar damunt de la imatge.<\/p>\n<p><a href=\"https:\/\/photos.app.goo.gl\/3xkVrcDJD6pNWh219\" target=\"_blank\" rel=\"noopener\"><img loading=\"lazy\" decoding=\"async\" class=\"alignnone size-full wp-image-9342\" src=\"https:\/\/agora.xtec.cat\/zer-pedrera\/wp-content\/uploads\/usu1473\/2025\/04\/Apis_mellifera_-_Brassica_napus-150518.jpg\" alt=\"\" width=\"300\" height=\"169\" \/><\/a><\/p>\n<p>&nbsp;<\/p>\n<p>&nbsp;<\/p>\n","protected":false},"excerpt":{"rendered":"<p>El dia 9 d&#8217;abril, el Pep, el pare de la D\u00e0lia ens ha explicat moltes coses interessants sobre les abelles. \u00c9s un gran aficionat a les abelles i les coneix molt b\u00e9. Ens ha explicat algun dels seus costums, la seva alimentaci\u00f3, les tasques que&hellip;  <a href=\"https:\/\/agora.xtec.cat\/zer-pedrera\/general\/escola-abat-ruera-taller-de-les-abelles\/\" title=\"Read Escola Abat Ruera. Taller de les abelles\">Llegeix m\u00e9s\u00bb<\/a><\/p>\n","protected":false},"author":1,"featured_media":9342,"comment_status":"open","ping_status":"closed","sticky":false,"template":"","format":"standard","meta":{"_bbp_topic_count":0,"_bbp_reply_count":0,"_bbp_total_topic_count":0,"_bbp_total_reply_count":0,"_bbp_voice_count":0,"_bbp_anonymous_reply_count":0,"_bbp_topic_count_hidden":0,"_bbp_reply_count_hidden":0,"_bbp_forum_subforum_count":0,"footnotes":""},"categories":[113,110,1,116,29,89,120],"tags":[],"class_list":["post-9339","post","type-post","status-publish","format-standard","has-post-thumbnail","hentry","category-e-infantil","category-escola-abat-ruera","category-general","category-medi","category-portada","category-primaria","category-projectes"],"post_mailing_queue_ids":[],"_links":{"self":[{"href":"https:\/\/agora.xtec.cat\/zer-pedrera\/wp-json\/wp\/v2\/posts\/9339","targetHints":{"allow":["GET"]}}],"collection":[{"href":"https:\/\/agora.xtec.cat\/zer-pedrera\/wp-json\/wp\/v2\/posts"}],"about":[{"href":"https:\/\/agora.xtec.cat\/zer-pedrera\/wp-json\/wp\/v2\/types\/post"}],"author":[{"embeddable":true,"href":"https:\/\/agora.xtec.cat\/zer-pedrera\/wp-json\/wp\/v2\/users\/1"}],"replies":[{"embeddable":true,"href":"https:\/\/agora.xtec.cat\/zer-pedrera\/wp-json\/wp\/v2\/comments?post=9339"}],"version-history":[{"count":4,"href":"https:\/\/agora.xtec.cat\/zer-pedrera\/wp-json\/wp\/v2\/posts\/9339\/revisions"}],"predecessor-version":[{"id":9355,"href":"https:\/\/agora.xtec.cat\/zer-pedrera\/wp-json\/wp\/v2\/posts\/9339\/revisions\/9355"}],"wp:featuredmedia":[{"embeddable":true,"href":"https:\/\/agora.xtec.cat\/zer-pedrera\/wp-json\/wp\/v2\/media\/9342"}],"wp:attachment":[{"href":"https:\/\/agora.xtec.cat\/zer-pedrera\/wp-json\/wp\/v2\/media?parent=9339"}],"wp:term":[{"taxonomy":"category","embeddable":true,"href":"https:\/\/agora.xtec.cat\/zer-pedrera\/wp-json\/wp\/v2\/categories?post=9339"},{"taxonomy":"post_tag","embeddable":true,"href":"https:\/\/agora.xtec.cat\/zer-pedrera\/wp-json\/wp\/v2\/tags?post=9339"}],"curies":[{"name":"wp","href":"https:\/\/api.w.org\/{rel}","templated":true}]}}