{"id":9327,"date":"2025-04-22T09:26:55","date_gmt":"2025-04-22T07:26:55","guid":{"rendered":"https:\/\/agora.xtec.cat\/zer-pedrera\/?p=9327"},"modified":"2025-04-22T09:26:55","modified_gmt":"2025-04-22T07:26:55","slug":"escola-abat-ruera-les-falles","status":"publish","type":"post","link":"https:\/\/agora.xtec.cat\/zer-pedrera\/general\/escola-abat-ruera-les-falles\/","title":{"rendered":"Escola Abat Ruera. Les falles"},"content":{"rendered":"<p>Aquest segon trimestre, a les classes de m\u00fasica i pl\u00e0stica, hem fet un projecte relacionat amb la tradici\u00f3 valenciana: les falles. Aquest projecte ens ha perm\u00e8s con\u00e8ixer la tradici\u00f3 de ben proper.<\/p>\n<p>Per una banda, els alumnes de CM i CS han realitzat la falla volent evocar un missatge molt important en l&#8217;actualitat, el qual es veu reflectit en diversos Objectius de Desenvolupament Sostenible de les Nacions unides. L&#8217;ODS 1 (fi de la pobresa), ODS 5 (Igualtat de g\u00e8nere) i ODS 16 (pau i just\u00edcia).<\/p>\n<p>Per altra banda, hem imitat el so dels masclets de les mascletades amb botelles de pl\u00e0stic, fent-los veure que la m\u00fasica es pot trobar en qualsevol objecte quotidi\u00e0.<\/p>\n<p>Per veure m\u00e9s imatges clicar damunt de la fotografia.<\/p>\n<p><a href=\"https:\/\/photos.app.goo.gl\/7wrjmPfxSTWNx2y88\" target=\"_blank\" rel=\"noopener\"><img loading=\"lazy\" decoding=\"async\" class=\"alignnone size-full wp-image-9330\" src=\"https:\/\/agora.xtec.cat\/zer-pedrera\/wp-content\/uploads\/usu1473\/2025\/04\/IMG-20250411-WA0070.jpg\" alt=\"\" width=\"300\" height=\"225\" srcset=\"https:\/\/agora.xtec.cat\/zer-pedrera\/wp-content\/uploads\/usu1473\/2025\/04\/IMG-20250411-WA0070.jpg 300w, https:\/\/agora.xtec.cat\/zer-pedrera\/wp-content\/uploads\/usu1473\/2025\/04\/IMG-20250411-WA0070-200x150.jpg 200w\" sizes=\"auto, (max-width: 300px) 100vw, 300px\" \/><\/a><\/p>\n","protected":false},"excerpt":{"rendered":"<p>Aquest segon trimestre, a les classes de m\u00fasica i pl\u00e0stica, hem fet un projecte relacionat amb la tradici\u00f3 valenciana: les falles. Aquest projecte ens ha perm\u00e8s con\u00e8ixer la tradici\u00f3 de ben proper.<br \/>\nPer una banda, els alumnes de CM i CS han realitzat la falla volent&hellip;  <a href=\"https:\/\/agora.xtec.cat\/zer-pedrera\/general\/escola-abat-ruera-les-falles\/\" title=\"Read Escola Abat Ruera. Les falles\">Llegeix m\u00e9s\u00bb<\/a><\/p>\n","protected":false},"author":1,"featured_media":9330,"comment_status":"open","ping_status":"closed","sticky":false,"template":"","format":"standard","meta":{"_bbp_topic_count":0,"_bbp_reply_count":0,"_bbp_total_topic_count":0,"_bbp_total_reply_count":0,"_bbp_voice_count":0,"_bbp_anonymous_reply_count":0,"_bbp_topic_count_hidden":0,"_bbp_reply_count_hidden":0,"_bbp_forum_subforum_count":0,"footnotes":""},"categories":[110,1,118,119,29,89,120],"tags":[],"class_list":["post-9327","post","type-post","status-publish","format-standard","has-post-thumbnail","hentry","category-escola-abat-ruera","category-general","category-musica-2","category-plastica","category-portada","category-primaria","category-projectes"],"post_mailing_queue_ids":[],"_links":{"self":[{"href":"https:\/\/agora.xtec.cat\/zer-pedrera\/wp-json\/wp\/v2\/posts\/9327","targetHints":{"allow":["GET"]}}],"collection":[{"href":"https:\/\/agora.xtec.cat\/zer-pedrera\/wp-json\/wp\/v2\/posts"}],"about":[{"href":"https:\/\/agora.xtec.cat\/zer-pedrera\/wp-json\/wp\/v2\/types\/post"}],"author":[{"embeddable":true,"href":"https:\/\/agora.xtec.cat\/zer-pedrera\/wp-json\/wp\/v2\/users\/1"}],"replies":[{"embeddable":true,"href":"https:\/\/agora.xtec.cat\/zer-pedrera\/wp-json\/wp\/v2\/comments?post=9327"}],"version-history":[{"count":3,"href":"https:\/\/agora.xtec.cat\/zer-pedrera\/wp-json\/wp\/v2\/posts\/9327\/revisions"}],"predecessor-version":[{"id":9331,"href":"https:\/\/agora.xtec.cat\/zer-pedrera\/wp-json\/wp\/v2\/posts\/9327\/revisions\/9331"}],"wp:featuredmedia":[{"embeddable":true,"href":"https:\/\/agora.xtec.cat\/zer-pedrera\/wp-json\/wp\/v2\/media\/9330"}],"wp:attachment":[{"href":"https:\/\/agora.xtec.cat\/zer-pedrera\/wp-json\/wp\/v2\/media?parent=9327"}],"wp:term":[{"taxonomy":"category","embeddable":true,"href":"https:\/\/agora.xtec.cat\/zer-pedrera\/wp-json\/wp\/v2\/categories?post=9327"},{"taxonomy":"post_tag","embeddable":true,"href":"https:\/\/agora.xtec.cat\/zer-pedrera\/wp-json\/wp\/v2\/tags?post=9327"}],"curies":[{"name":"wp","href":"https:\/\/api.w.org\/{rel}","templated":true}]}}