{"id":9314,"date":"2025-05-27T12:37:22","date_gmt":"2025-05-27T10:37:22","guid":{"rendered":"https:\/\/agora.xtec.cat\/zer-pedrera\/?p=9314"},"modified":"2025-05-27T12:37:22","modified_gmt":"2025-05-27T10:37:22","slug":"ci-de-lescola-abat-ruera-larbre-genealogic","status":"publish","type":"post","link":"https:\/\/agora.xtec.cat\/zer-pedrera\/general\/ci-de-lescola-abat-ruera-larbre-genealogic\/","title":{"rendered":"CI de l&#8217;escola Abat Ruera. L&#8217;arbre geneal\u00f2gic"},"content":{"rendered":"<p>El projecte de l&#8217;arbre geneal\u00f2gic que hem realitzat a Cicle Inicial ha estat molt m\u00e9s que una simple activitat manual; ha estat una immersi\u00f3 apassionant en la hist\u00f2ria personal de cada alumne i alumna, una oportunitat per explorar els seus or\u00edgens i enfortir els seus lla\u00e7os familiars. La gran acceptaci\u00f3 que ha tingut demostra la profunda connexi\u00f3 que estableixen els infants amb la seva pr\u00f2pia hist\u00f2ria.<\/p>\n<p>Per veure m\u00e9s imatges clicar damunt de l&#8217;enlla\u00e7.<\/p>\n<p><a href=\"https:\/\/agora.xtec.cat\/zer-pedrera\/wp-content\/uploads\/usu1473\/2025\/04\/images-2.jpg\"><img loading=\"lazy\" decoding=\"async\" class=\"alignnone size-full wp-image-9316\" src=\"https:\/\/agora.xtec.cat\/zer-pedrera\/wp-content\/uploads\/usu1473\/2025\/04\/images-2.jpg\" alt=\"\" width=\"225\" height=\"225\" srcset=\"https:\/\/agora.xtec.cat\/zer-pedrera\/wp-content\/uploads\/usu1473\/2025\/04\/images-2.jpg 225w, https:\/\/agora.xtec.cat\/zer-pedrera\/wp-content\/uploads\/usu1473\/2025\/04\/images-2-150x150.jpg 150w\" sizes=\"auto, (max-width: 225px) 100vw, 225px\" \/><\/a><\/p>\n<p><a href=\"https:\/\/photos.app.goo.gl\/Tj9b4483mW9YSmX8A\" target=\"_blank\" rel=\"noopener\">https:\/\/photos.app.goo.gl\/Tj9b4483mW9YSmX8A<\/a><\/p>\n","protected":false},"excerpt":{"rendered":"<p>El projecte de l&#8217;arbre geneal\u00f2gic que hem realitzat a Cicle Inicial ha estat molt m\u00e9s que una simple activitat manual; ha estat una immersi\u00f3 apassionant en la hist\u00f2ria personal de cada alumne i alumna, una oportunitat per explorar els seus or\u00edgens i enfortir els seus&hellip;  <a href=\"https:\/\/agora.xtec.cat\/zer-pedrera\/general\/ci-de-lescola-abat-ruera-larbre-genealogic\/\" title=\"Read CI de l&#8217;escola Abat Ruera. L&#8217;arbre geneal\u00f2gic\">Llegeix m\u00e9s\u00bb<\/a><\/p>\n","protected":false},"author":1,"featured_media":9316,"comment_status":"open","ping_status":"closed","sticky":false,"template":"","format":"standard","meta":{"_bbp_topic_count":0,"_bbp_reply_count":0,"_bbp_total_topic_count":0,"_bbp_total_reply_count":0,"_bbp_voice_count":0,"_bbp_anonymous_reply_count":0,"_bbp_topic_count_hidden":0,"_bbp_reply_count_hidden":0,"_bbp_forum_subforum_count":0,"footnotes":""},"categories":[110,1,116,29,89],"tags":[],"class_list":["post-9314","post","type-post","status-publish","format-standard","has-post-thumbnail","hentry","category-escola-abat-ruera","category-general","category-medi","category-portada","category-primaria"],"post_mailing_queue_ids":[],"_links":{"self":[{"href":"https:\/\/agora.xtec.cat\/zer-pedrera\/wp-json\/wp\/v2\/posts\/9314","targetHints":{"allow":["GET"]}}],"collection":[{"href":"https:\/\/agora.xtec.cat\/zer-pedrera\/wp-json\/wp\/v2\/posts"}],"about":[{"href":"https:\/\/agora.xtec.cat\/zer-pedrera\/wp-json\/wp\/v2\/types\/post"}],"author":[{"embeddable":true,"href":"https:\/\/agora.xtec.cat\/zer-pedrera\/wp-json\/wp\/v2\/users\/1"}],"replies":[{"embeddable":true,"href":"https:\/\/agora.xtec.cat\/zer-pedrera\/wp-json\/wp\/v2\/comments?post=9314"}],"version-history":[{"count":2,"href":"https:\/\/agora.xtec.cat\/zer-pedrera\/wp-json\/wp\/v2\/posts\/9314\/revisions"}],"predecessor-version":[{"id":9317,"href":"https:\/\/agora.xtec.cat\/zer-pedrera\/wp-json\/wp\/v2\/posts\/9314\/revisions\/9317"}],"wp:featuredmedia":[{"embeddable":true,"href":"https:\/\/agora.xtec.cat\/zer-pedrera\/wp-json\/wp\/v2\/media\/9316"}],"wp:attachment":[{"href":"https:\/\/agora.xtec.cat\/zer-pedrera\/wp-json\/wp\/v2\/media?parent=9314"}],"wp:term":[{"taxonomy":"category","embeddable":true,"href":"https:\/\/agora.xtec.cat\/zer-pedrera\/wp-json\/wp\/v2\/categories?post=9314"},{"taxonomy":"post_tag","embeddable":true,"href":"https:\/\/agora.xtec.cat\/zer-pedrera\/wp-json\/wp\/v2\/tags?post=9314"}],"curies":[{"name":"wp","href":"https:\/\/api.w.org\/{rel}","templated":true}]}}