{"id":9303,"date":"2025-04-08T12:57:37","date_gmt":"2025-04-08T10:57:37","guid":{"rendered":"https:\/\/agora.xtec.cat\/zer-pedrera\/?p=9303"},"modified":"2025-04-08T12:57:37","modified_gmt":"2025-04-08T10:57:37","slug":"ei-i-ci-de-lescola-abat-ruera-ous-de-pasqua","status":"publish","type":"post","link":"https:\/\/agora.xtec.cat\/zer-pedrera\/general\/ei-i-ci-de-lescola-abat-ruera-ous-de-pasqua\/","title":{"rendered":"EI i CI de l&#8217;escola Abat Ruera. Ous de Pasqua"},"content":{"rendered":"<p>Aquest dilluns, l&#8217;alumnat d&#8217;Ed. Infantil i Cicle Inicial, han gaudit d&#8217;una tarda molt divertida. Pr\u00e8viament, havien elaborat una cistella amb forma de conillet de pasqua.<\/p>\n<p>Seguint les instruccions de la Teacher, l&#8217;alumnat han hagut de buscar per tot el pati de l&#8217;escola els ous de pasqua que estaven molt i molt ben amagats. Al principi ha estat una activitat molt f\u00e0cil, per\u00f2 a mesura que quedaven menys ous l&#8217;activitat s&#8217;ha complicat. Uf!! Pels \u00faltims ous de pasqua, l&#8217;alumnat ha necessitat una miqueta l&#8217;ajuda de les mestres.<\/p>\n<p>Per veure m\u00e9s fotografies de l&#8217;activitat clicar damunt de la imatge.<\/p>\n<p><a href=\"https:\/\/photos.app.goo.gl\/mK9iCTQEJKnnpfgVA\" target=\"_blank\" rel=\"noopener\"><img loading=\"lazy\" decoding=\"async\" class=\"alignnone size-full wp-image-9305\" src=\"https:\/\/agora.xtec.cat\/zer-pedrera\/wp-content\/uploads\/usu1473\/2025\/04\/IMG-20250407-WA0089.jpg\" alt=\"\" width=\"300\" height=\"225\" srcset=\"https:\/\/agora.xtec.cat\/zer-pedrera\/wp-content\/uploads\/usu1473\/2025\/04\/IMG-20250407-WA0089.jpg 300w, https:\/\/agora.xtec.cat\/zer-pedrera\/wp-content\/uploads\/usu1473\/2025\/04\/IMG-20250407-WA0089-200x150.jpg 200w\" sizes=\"auto, (max-width: 300px) 100vw, 300px\" \/><\/a><\/p>\n<p>&nbsp;<\/p>\n","protected":false},"excerpt":{"rendered":"<p>Aquest dilluns, l&#8217;alumnat d&#8217;Ed. Infantil i Cicle Inicial, han gaudit d&#8217;una tarda molt divertida. Pr\u00e8viament, havien elaborat una cistella amb forma de conillet de pasqua.<br \/>\nSeguint les instruccions de la Teacher, l&#8217;alumnat han hagut de buscar per tot el pati de l&#8217;escola els ous de pasqua&hellip;  <a href=\"https:\/\/agora.xtec.cat\/zer-pedrera\/general\/ei-i-ci-de-lescola-abat-ruera-ous-de-pasqua\/\" title=\"Read EI i CI de l&#8217;escola Abat Ruera. Ous de Pasqua\">Llegeix m\u00e9s\u00bb<\/a><\/p>\n","protected":false},"author":1,"featured_media":9305,"comment_status":"open","ping_status":"closed","sticky":false,"template":"","format":"standard","meta":{"_bbp_topic_count":0,"_bbp_reply_count":0,"_bbp_total_topic_count":0,"_bbp_total_reply_count":0,"_bbp_voice_count":0,"_bbp_anonymous_reply_count":0,"_bbp_topic_count_hidden":0,"_bbp_reply_count_hidden":0,"_bbp_forum_subforum_count":0,"footnotes":""},"categories":[123,113,110,1,116,29,89],"tags":[],"class_list":["post-9303","post","type-post","status-publish","format-standard","has-post-thumbnail","hentry","category-angles","category-e-infantil","category-escola-abat-ruera","category-general","category-medi","category-portada","category-primaria"],"post_mailing_queue_ids":[],"_links":{"self":[{"href":"https:\/\/agora.xtec.cat\/zer-pedrera\/wp-json\/wp\/v2\/posts\/9303","targetHints":{"allow":["GET"]}}],"collection":[{"href":"https:\/\/agora.xtec.cat\/zer-pedrera\/wp-json\/wp\/v2\/posts"}],"about":[{"href":"https:\/\/agora.xtec.cat\/zer-pedrera\/wp-json\/wp\/v2\/types\/post"}],"author":[{"embeddable":true,"href":"https:\/\/agora.xtec.cat\/zer-pedrera\/wp-json\/wp\/v2\/users\/1"}],"replies":[{"embeddable":true,"href":"https:\/\/agora.xtec.cat\/zer-pedrera\/wp-json\/wp\/v2\/comments?post=9303"}],"version-history":[{"count":2,"href":"https:\/\/agora.xtec.cat\/zer-pedrera\/wp-json\/wp\/v2\/posts\/9303\/revisions"}],"predecessor-version":[{"id":9306,"href":"https:\/\/agora.xtec.cat\/zer-pedrera\/wp-json\/wp\/v2\/posts\/9303\/revisions\/9306"}],"wp:featuredmedia":[{"embeddable":true,"href":"https:\/\/agora.xtec.cat\/zer-pedrera\/wp-json\/wp\/v2\/media\/9305"}],"wp:attachment":[{"href":"https:\/\/agora.xtec.cat\/zer-pedrera\/wp-json\/wp\/v2\/media?parent=9303"}],"wp:term":[{"taxonomy":"category","embeddable":true,"href":"https:\/\/agora.xtec.cat\/zer-pedrera\/wp-json\/wp\/v2\/categories?post=9303"},{"taxonomy":"post_tag","embeddable":true,"href":"https:\/\/agora.xtec.cat\/zer-pedrera\/wp-json\/wp\/v2\/tags?post=9303"}],"curies":[{"name":"wp","href":"https:\/\/api.w.org\/{rel}","templated":true}]}}