{"id":9299,"date":"2025-05-27T12:30:43","date_gmt":"2025-05-27T10:30:43","guid":{"rendered":"https:\/\/agora.xtec.cat\/zer-pedrera\/?p=9299"},"modified":"2025-05-27T12:30:43","modified_gmt":"2025-05-27T10:30:43","slug":"cm-de-lescola-abat-ruera-som-uns-autentics-artistes","status":"publish","type":"post","link":"https:\/\/agora.xtec.cat\/zer-pedrera\/general\/cm-de-lescola-abat-ruera-som-uns-autentics-artistes\/","title":{"rendered":"CM de l&#8217;escola Abat Ruera. Som uns aut\u00e8ntics artistes!"},"content":{"rendered":"<p>Durant el 2n trimestre, els alumnes d&#8217;Educaci\u00f3 Infantil, durant les hores d&#8217;Expressi\u00f3 Art\u00edstica, han treballat ALEXANDER CALDER. Hem apr\u00e8s molt\u00edssimes coses d&#8217;ell: les formes que utilitza a les seves obres, els seus colors preferits, els seus quadres, el seu circ, la seva hist\u00f2ria i&#8230; LES SEVES ESCULTURES!<\/p>\n<p>Sabem que l&#8217;Alexander Calder era un artista amb totes les seves lletres perqu\u00e8 no nom\u00e9s pintava, era un gran escultor. Aix\u00ed doncs, hem pogut crear les nostres pr\u00f2pies escultures SEMI-M\u00d2BILS!<\/p>\n<p>Fam\u00edlies, ben aviar&#8230; rebreu una sorpresa a casa! Aquestes imatges nom\u00e9s s\u00f3n una part de tot el que hem estat preparant!<\/p>\n<p><a href=\"https:\/\/photos.app.goo.gl\/JL8fRoAZ6pRLW4pg7\" target=\"_blank\" rel=\"noopener\"><img loading=\"lazy\" decoding=\"async\" class=\"alignnone size-full wp-image-9300\" src=\"https:\/\/agora.xtec.cat\/zer-pedrera\/wp-content\/uploads\/usu1473\/2025\/04\/IMG-20250403-WA0070.jpg\" alt=\"\" width=\"300\" height=\"212\" \/><\/a><\/p>\n","protected":false},"excerpt":{"rendered":"<p>Durant el 2n trimestre, els alumnes d&#8217;Educaci\u00f3 Infantil, durant les hores d&#8217;Expressi\u00f3 Art\u00edstica, han treballat ALEXANDER CALDER. Hem apr\u00e8s molt\u00edssimes coses d&#8217;ell: les formes que utilitza a les seves obres, els seus colors preferits, els seus quadres, el seu circ, la seva hist\u00f2ria i&#8230; LES&hellip;  <a href=\"https:\/\/agora.xtec.cat\/zer-pedrera\/general\/cm-de-lescola-abat-ruera-som-uns-autentics-artistes\/\" title=\"Read CM de l&#8217;escola Abat Ruera. Som uns aut\u00e8ntics artistes!\">Llegeix m\u00e9s\u00bb<\/a><\/p>\n","protected":false},"author":1,"featured_media":9300,"comment_status":"open","ping_status":"closed","sticky":false,"template":"","format":"standard","meta":{"_bbp_topic_count":0,"_bbp_reply_count":0,"_bbp_total_topic_count":0,"_bbp_total_reply_count":0,"_bbp_voice_count":0,"_bbp_anonymous_reply_count":0,"_bbp_topic_count_hidden":0,"_bbp_reply_count_hidden":0,"_bbp_forum_subforum_count":0,"footnotes":""},"categories":[113,110,1,119,29,120],"tags":[],"class_list":["post-9299","post","type-post","status-publish","format-standard","has-post-thumbnail","hentry","category-e-infantil","category-escola-abat-ruera","category-general","category-plastica","category-portada","category-projectes"],"post_mailing_queue_ids":[],"_links":{"self":[{"href":"https:\/\/agora.xtec.cat\/zer-pedrera\/wp-json\/wp\/v2\/posts\/9299","targetHints":{"allow":["GET"]}}],"collection":[{"href":"https:\/\/agora.xtec.cat\/zer-pedrera\/wp-json\/wp\/v2\/posts"}],"about":[{"href":"https:\/\/agora.xtec.cat\/zer-pedrera\/wp-json\/wp\/v2\/types\/post"}],"author":[{"embeddable":true,"href":"https:\/\/agora.xtec.cat\/zer-pedrera\/wp-json\/wp\/v2\/users\/1"}],"replies":[{"embeddable":true,"href":"https:\/\/agora.xtec.cat\/zer-pedrera\/wp-json\/wp\/v2\/comments?post=9299"}],"version-history":[{"count":2,"href":"https:\/\/agora.xtec.cat\/zer-pedrera\/wp-json\/wp\/v2\/posts\/9299\/revisions"}],"predecessor-version":[{"id":9302,"href":"https:\/\/agora.xtec.cat\/zer-pedrera\/wp-json\/wp\/v2\/posts\/9299\/revisions\/9302"}],"wp:featuredmedia":[{"embeddable":true,"href":"https:\/\/agora.xtec.cat\/zer-pedrera\/wp-json\/wp\/v2\/media\/9300"}],"wp:attachment":[{"href":"https:\/\/agora.xtec.cat\/zer-pedrera\/wp-json\/wp\/v2\/media?parent=9299"}],"wp:term":[{"taxonomy":"category","embeddable":true,"href":"https:\/\/agora.xtec.cat\/zer-pedrera\/wp-json\/wp\/v2\/categories?post=9299"},{"taxonomy":"post_tag","embeddable":true,"href":"https:\/\/agora.xtec.cat\/zer-pedrera\/wp-json\/wp\/v2\/tags?post=9299"}],"curies":[{"name":"wp","href":"https:\/\/api.w.org\/{rel}","templated":true}]}}