{"id":9272,"date":"2025-04-22T09:27:18","date_gmt":"2025-04-22T07:27:18","guid":{"rendered":"https:\/\/agora.xtec.cat\/zer-pedrera\/?p=9272"},"modified":"2025-04-22T09:27:18","modified_gmt":"2025-04-22T07:27:18","slug":"ci-de-lescola-abat-ruera-constel-lacions","status":"publish","type":"post","link":"https:\/\/agora.xtec.cat\/zer-pedrera\/general\/ci-de-lescola-abat-ruera-constel-lacions\/","title":{"rendered":"CI de l&#8217;escola Abat Ruera. Constel.lacions"},"content":{"rendered":"<p>Amb aquesta activitat es fomenta el sentit de la identitat i el sentiment de connexi\u00f3 amb el cel, ja que cada nen t\u00e9 la seva pr\u00f2pia constel.laci\u00f3, associada al seu signe del zod\u00edac. Per tant, \u00e9s una manera d&#8217;introduir l&#8217;astronomia, despertant la curiositat dels nens, perqu\u00e8, moltes constel.lacions tenen associades hist\u00f2ries i mites antics. M\u00e9s encara, es va decidir cosir la constel.laci\u00f3 a una cartolina per treballar la destresa manual, la coordinaci\u00f3 ull-m\u00e0 i la motricitat fina dels dits; ajudant aix\u00ed a desenvolupar la paci\u00e8ncia i la perseveran\u00e7a per completar una tasca, la qual requereix concentraci\u00f3 i temps.<\/p>\n<p>Per veure imatges de l&#8217;activitat clicar damunt de la imatge:<\/p>\n<p><a href=\"https:\/\/photos.app.goo.gl\/DmkvambE6u6n1e9C8\" target=\"_blank\" rel=\"noopener\"><img loading=\"lazy\" decoding=\"async\" class=\"alignnone size-full wp-image-9276\" src=\"https:\/\/agora.xtec.cat\/zer-pedrera\/wp-content\/uploads\/usu1473\/2025\/04\/images.jpg\" alt=\"\" width=\"304\" height=\"166\" srcset=\"https:\/\/agora.xtec.cat\/zer-pedrera\/wp-content\/uploads\/usu1473\/2025\/04\/images.jpg 304w, https:\/\/agora.xtec.cat\/zer-pedrera\/wp-content\/uploads\/usu1473\/2025\/04\/images-300x164.jpg 300w\" sizes=\"auto, (max-width: 304px) 100vw, 304px\" \/><\/a><\/p>\n<p>&nbsp;<\/p>\n","protected":false},"excerpt":{"rendered":"<p>Amb aquesta activitat es fomenta el sentit de la identitat i el sentiment de connexi\u00f3 amb el cel, ja que cada nen t\u00e9 la seva pr\u00f2pia constel.laci\u00f3, associada al seu signe del zod\u00edac. Per tant, \u00e9s una manera d&#8217;introduir l&#8217;astronomia, despertant la curiositat dels nens,&hellip;  <a href=\"https:\/\/agora.xtec.cat\/zer-pedrera\/general\/ci-de-lescola-abat-ruera-constel-lacions\/\" title=\"Read CI de l&#8217;escola Abat Ruera. Constel.lacions\">Llegeix m\u00e9s\u00bb<\/a><\/p>\n","protected":false},"author":1,"featured_media":9276,"comment_status":"open","ping_status":"closed","sticky":false,"template":"","format":"standard","meta":{"_bbp_topic_count":0,"_bbp_reply_count":0,"_bbp_total_topic_count":0,"_bbp_total_reply_count":0,"_bbp_voice_count":0,"_bbp_anonymous_reply_count":0,"_bbp_topic_count_hidden":0,"_bbp_reply_count_hidden":0,"_bbp_forum_subforum_count":0,"footnotes":""},"categories":[110,1,116,119,29,89],"tags":[],"class_list":["post-9272","post","type-post","status-publish","format-standard","has-post-thumbnail","hentry","category-escola-abat-ruera","category-general","category-medi","category-plastica","category-portada","category-primaria"],"post_mailing_queue_ids":[],"_links":{"self":[{"href":"https:\/\/agora.xtec.cat\/zer-pedrera\/wp-json\/wp\/v2\/posts\/9272","targetHints":{"allow":["GET"]}}],"collection":[{"href":"https:\/\/agora.xtec.cat\/zer-pedrera\/wp-json\/wp\/v2\/posts"}],"about":[{"href":"https:\/\/agora.xtec.cat\/zer-pedrera\/wp-json\/wp\/v2\/types\/post"}],"author":[{"embeddable":true,"href":"https:\/\/agora.xtec.cat\/zer-pedrera\/wp-json\/wp\/v2\/users\/1"}],"replies":[{"embeddable":true,"href":"https:\/\/agora.xtec.cat\/zer-pedrera\/wp-json\/wp\/v2\/comments?post=9272"}],"version-history":[{"count":4,"href":"https:\/\/agora.xtec.cat\/zer-pedrera\/wp-json\/wp\/v2\/posts\/9272\/revisions"}],"predecessor-version":[{"id":9277,"href":"https:\/\/agora.xtec.cat\/zer-pedrera\/wp-json\/wp\/v2\/posts\/9272\/revisions\/9277"}],"wp:featuredmedia":[{"embeddable":true,"href":"https:\/\/agora.xtec.cat\/zer-pedrera\/wp-json\/wp\/v2\/media\/9276"}],"wp:attachment":[{"href":"https:\/\/agora.xtec.cat\/zer-pedrera\/wp-json\/wp\/v2\/media?parent=9272"}],"wp:term":[{"taxonomy":"category","embeddable":true,"href":"https:\/\/agora.xtec.cat\/zer-pedrera\/wp-json\/wp\/v2\/categories?post=9272"},{"taxonomy":"post_tag","embeddable":true,"href":"https:\/\/agora.xtec.cat\/zer-pedrera\/wp-json\/wp\/v2\/tags?post=9272"}],"curies":[{"name":"wp","href":"https:\/\/api.w.org\/{rel}","templated":true}]}}