{"id":9268,"date":"2025-05-04T18:02:30","date_gmt":"2025-05-04T16:02:30","guid":{"rendered":"https:\/\/agora.xtec.cat\/zer-pedrera\/?p=9268"},"modified":"2025-05-04T18:02:30","modified_gmt":"2025-05-04T16:02:30","slug":"ci-de-lescola-abat-ruera-planetari","status":"publish","type":"post","link":"https:\/\/agora.xtec.cat\/zer-pedrera\/general\/ci-de-lescola-abat-ruera-planetari\/","title":{"rendered":"CI de l&#8217;escola Abat Ruera. Planetari"},"content":{"rendered":"<p>Els alumnes de Cicle Inicial ha representat una visualitzaci\u00f3 concreta de l&#8217;espai, fent que conceptes abstractes com les estrelles i els planetes siguin m\u00e9s tangibles i comprensibles. El treball en equip i la col.laboraci\u00f3 ha fomentat que la distribuci\u00f3 de tasques i la creaci\u00f3 del planetari (muntatge i decoraci\u00f3) sigui tot un \u00e8xit.<\/p>\n<p>A m\u00e9s, hem fet servir una can\u00e7\u00f3 molt bonica sobre els planetes. Demaneu als vostres fills que us la canten, no us en penedireu!<\/p>\n<p>Can\u00e7\u00f3: &#8220;Mercurio, Venus, Tierra y Marte, J\u00fapiter, Saturno, Urano y Neptuno. Son los 8 planetas de la via lactea, me encanta la canci\u00f3n de los planetas. Mercurio es el m\u00e1s chico y cercano al sol, Venus el m\u00e1s caliente as\u00ed que tr\u00e1ete un ventilador&#8230;&#8221;<\/p>\n<p>Per veure m\u00e9s imatges clicar damunt de la fotografia:<\/p>\n<p><a href=\"https:\/\/photos.app.goo.gl\/jfG8ME4cbMkBSrCv6\" target=\"_blank\" rel=\"noopener\"><img loading=\"lazy\" decoding=\"async\" class=\"alignnone size-full wp-image-9270\" src=\"https:\/\/agora.xtec.cat\/zer-pedrera\/wp-content\/uploads\/usu1473\/2025\/04\/IMG-20250402-WA0091.jpg\" alt=\"\" width=\"300\" height=\"361\" srcset=\"https:\/\/agora.xtec.cat\/zer-pedrera\/wp-content\/uploads\/usu1473\/2025\/04\/IMG-20250402-WA0091.jpg 300w, https:\/\/agora.xtec.cat\/zer-pedrera\/wp-content\/uploads\/usu1473\/2025\/04\/IMG-20250402-WA0091-249x300.jpg 249w\" sizes=\"auto, (max-width: 300px) 100vw, 300px\" \/><\/a><\/p>\n<p>&nbsp;<\/p>\n","protected":false},"excerpt":{"rendered":"<p>Els alumnes de Cicle Inicial ha representat una visualitzaci\u00f3 concreta de l&#8217;espai, fent que conceptes abstractes com les estrelles i els planetes siguin m\u00e9s tangibles i comprensibles. El treball en equip i la col.laboraci\u00f3 ha fomentat que la distribuci\u00f3 de tasques i la creaci\u00f3 del&hellip;  <a href=\"https:\/\/agora.xtec.cat\/zer-pedrera\/general\/ci-de-lescola-abat-ruera-planetari\/\" title=\"Read CI de l&#8217;escola Abat Ruera. Planetari\">Llegeix m\u00e9s\u00bb<\/a><\/p>\n","protected":false},"author":1,"featured_media":9270,"comment_status":"open","ping_status":"closed","sticky":false,"template":"","format":"standard","meta":{"_bbp_topic_count":0,"_bbp_reply_count":0,"_bbp_total_topic_count":0,"_bbp_total_reply_count":0,"_bbp_voice_count":0,"_bbp_anonymous_reply_count":0,"_bbp_topic_count_hidden":0,"_bbp_reply_count_hidden":0,"_bbp_forum_subforum_count":0,"footnotes":""},"categories":[110,1,116,119,29,89],"tags":[],"class_list":["post-9268","post","type-post","status-publish","format-standard","has-post-thumbnail","hentry","category-escola-abat-ruera","category-general","category-medi","category-plastica","category-portada","category-primaria"],"post_mailing_queue_ids":[],"_links":{"self":[{"href":"https:\/\/agora.xtec.cat\/zer-pedrera\/wp-json\/wp\/v2\/posts\/9268","targetHints":{"allow":["GET"]}}],"collection":[{"href":"https:\/\/agora.xtec.cat\/zer-pedrera\/wp-json\/wp\/v2\/posts"}],"about":[{"href":"https:\/\/agora.xtec.cat\/zer-pedrera\/wp-json\/wp\/v2\/types\/post"}],"author":[{"embeddable":true,"href":"https:\/\/agora.xtec.cat\/zer-pedrera\/wp-json\/wp\/v2\/users\/1"}],"replies":[{"embeddable":true,"href":"https:\/\/agora.xtec.cat\/zer-pedrera\/wp-json\/wp\/v2\/comments?post=9268"}],"version-history":[{"count":2,"href":"https:\/\/agora.xtec.cat\/zer-pedrera\/wp-json\/wp\/v2\/posts\/9268\/revisions"}],"predecessor-version":[{"id":9271,"href":"https:\/\/agora.xtec.cat\/zer-pedrera\/wp-json\/wp\/v2\/posts\/9268\/revisions\/9271"}],"wp:featuredmedia":[{"embeddable":true,"href":"https:\/\/agora.xtec.cat\/zer-pedrera\/wp-json\/wp\/v2\/media\/9270"}],"wp:attachment":[{"href":"https:\/\/agora.xtec.cat\/zer-pedrera\/wp-json\/wp\/v2\/media?parent=9268"}],"wp:term":[{"taxonomy":"category","embeddable":true,"href":"https:\/\/agora.xtec.cat\/zer-pedrera\/wp-json\/wp\/v2\/categories?post=9268"},{"taxonomy":"post_tag","embeddable":true,"href":"https:\/\/agora.xtec.cat\/zer-pedrera\/wp-json\/wp\/v2\/tags?post=9268"}],"curies":[{"name":"wp","href":"https:\/\/api.w.org\/{rel}","templated":true}]}}