{"id":9247,"date":"2025-03-21T16:15:31","date_gmt":"2025-03-21T15:15:31","guid":{"rendered":"https:\/\/agora.xtec.cat\/zer-pedrera\/?p=9247"},"modified":"2025-03-21T16:15:31","modified_gmt":"2025-03-21T15:15:31","slug":"visita-mossos-esquadra-a-lescola-porcel-de-cervera","status":"publish","type":"post","link":"https:\/\/agora.xtec.cat\/zer-pedrera\/general\/visita-mossos-esquadra-a-lescola-porcel-de-cervera\/","title":{"rendered":"Visita Mossos Esquadra a l&#8217;escola Porcel de Cervera"},"content":{"rendered":"<p>Com ja \u00e9s habitual, cada any el Jaume ens visita en diverses ocasions a l&#8217;escola per ajudar-nos i empoderar-nos davant de situacions i conflictes violentes&#8230; Aquest cop la seva visita ha estat tamb\u00e9 de conscienciaci\u00f3 per\u00f2 des d&#8217;una vessant m\u00e9s l\u00fadica. La idea \u00e9s desmitificar aquesta imatge negativa i de por que alguns cops tenen l&#8217;alumnat respecte al Mossos d&#8217;Esquadra, els policies que posen multes&#8230; Intentem fomentar la part d&#8217;ajuda i cooperaci\u00f3 que fan amb la ciutadania i recordar-los la import\u00e0ncia de saber qui son, quina \u00e9s la seva feina i com ens poden ajudar. Despr\u00e9s d&#8217;una petita xerrada i visualitzaci\u00f3 d&#8217;un v\u00eddeo, van entrar el cotxe patrulla a l&#8217;escola i tots els nens i nens van gaudir veient el seu equipament, i fins i tot alguns no sols van voler pujar-hi, sin\u00f3 tamb\u00e9 es van voler posar la gorra, el traje&#8230; A l&#8217;alumnat sempre els agrada molt la seva visita i tot el que ens explica i esperen les seves visites amb moltes ganes.<\/p>\n<p style=\"text-align: center;\"><img loading=\"lazy\" decoding=\"async\" class=\"\" src=\"https:\/\/agora.xtec.cat\/zer-pedrera\/wp-content\/uploads\/usu1473\/2025\/03\/portada-3.jpg\" width=\"76\" height=\"57\" \/><\/p>\n","protected":false},"excerpt":{"rendered":"<p>Com ja \u00e9s habitual, cada any el Jaume ens visita en diverses ocasions a l&#8217;escola per ajudar-nos i empoderar-nos davant de situacions i conflictes violentes&#8230; Aquest cop la seva visita ha estat tamb\u00e9 de conscienciaci\u00f3 per\u00f2 des d&#8217;una vessant m\u00e9s l\u00fadica. La idea \u00e9s desmitificar&hellip;  <a href=\"https:\/\/agora.xtec.cat\/zer-pedrera\/general\/visita-mossos-esquadra-a-lescola-porcel-de-cervera\/\" title=\"Read Visita Mossos Esquadra a l&#8217;escola Porcel de Cervera\">Llegeix m\u00e9s\u00bb<\/a><\/p>\n","protected":false},"author":1,"featured_media":9248,"comment_status":"open","ping_status":"closed","sticky":false,"template":"","format":"standard","meta":{"_bbp_topic_count":0,"_bbp_reply_count":0,"_bbp_total_topic_count":0,"_bbp_total_reply_count":0,"_bbp_voice_count":0,"_bbp_anonymous_reply_count":0,"_bbp_topic_count_hidden":0,"_bbp_reply_count_hidden":0,"_bbp_forum_subforum_count":0,"footnotes":""},"categories":[111,1,29,89,122],"tags":[],"class_list":["post-9247","post","type-post","status-publish","format-standard","has-post-thumbnail","hentry","category-escola-porcel-de-cervera","category-general","category-portada","category-primaria","category-valors"],"post_mailing_queue_ids":[],"_links":{"self":[{"href":"https:\/\/agora.xtec.cat\/zer-pedrera\/wp-json\/wp\/v2\/posts\/9247","targetHints":{"allow":["GET"]}}],"collection":[{"href":"https:\/\/agora.xtec.cat\/zer-pedrera\/wp-json\/wp\/v2\/posts"}],"about":[{"href":"https:\/\/agora.xtec.cat\/zer-pedrera\/wp-json\/wp\/v2\/types\/post"}],"author":[{"embeddable":true,"href":"https:\/\/agora.xtec.cat\/zer-pedrera\/wp-json\/wp\/v2\/users\/1"}],"replies":[{"embeddable":true,"href":"https:\/\/agora.xtec.cat\/zer-pedrera\/wp-json\/wp\/v2\/comments?post=9247"}],"version-history":[{"count":1,"href":"https:\/\/agora.xtec.cat\/zer-pedrera\/wp-json\/wp\/v2\/posts\/9247\/revisions"}],"predecessor-version":[{"id":9249,"href":"https:\/\/agora.xtec.cat\/zer-pedrera\/wp-json\/wp\/v2\/posts\/9247\/revisions\/9249"}],"wp:featuredmedia":[{"embeddable":true,"href":"https:\/\/agora.xtec.cat\/zer-pedrera\/wp-json\/wp\/v2\/media\/9248"}],"wp:attachment":[{"href":"https:\/\/agora.xtec.cat\/zer-pedrera\/wp-json\/wp\/v2\/media?parent=9247"}],"wp:term":[{"taxonomy":"category","embeddable":true,"href":"https:\/\/agora.xtec.cat\/zer-pedrera\/wp-json\/wp\/v2\/categories?post=9247"},{"taxonomy":"post_tag","embeddable":true,"href":"https:\/\/agora.xtec.cat\/zer-pedrera\/wp-json\/wp\/v2\/tags?post=9247"}],"curies":[{"name":"wp","href":"https:\/\/api.w.org\/{rel}","templated":true}]}}