{"id":9241,"date":"2025-03-21T14:16:54","date_gmt":"2025-03-21T13:16:54","guid":{"rendered":"https:\/\/agora.xtec.cat\/zer-pedrera\/?p=9241"},"modified":"2025-03-21T14:16:54","modified_gmt":"2025-03-21T13:16:54","slug":"participem-en-el-projecte-de-divulgacio-cientifica-open-lab-alumnat-cm-i-cs-escola-porcel-de-cervera","status":"publish","type":"post","link":"https:\/\/agora.xtec.cat\/zer-pedrera\/general\/participem-en-el-projecte-de-divulgacio-cientifica-open-lab-alumnat-cm-i-cs-escola-porcel-de-cervera\/","title":{"rendered":"Participem en el projecte de divulgaci\u00f3 cient\u00edfica Open Lab. Alumnat CM I CS escola Porcel de Cervera."},"content":{"rendered":"<p><span style=\"font-weight: 400;\">El projecte de divulgaci\u00f3 cient\u00edfica GARA OpenLAB ha arribat a la nostra escola. Impulsat per l\u2019IREC (Institut de Recerca d\u2019Energia de Catalunya), est\u00e0 dirigit tant als alumnes d\u2019educaci\u00f3 prim\u00e0ria\u00a0 com de secund\u00e0ria secund\u00e0ria i t\u00e9 la finalitat de despertar l\u2019inter\u00e8s dels centres i de l\u2019alumnat en mat\u00e8ria de transici\u00f3 energ\u00e8tica i energies renovables. Aquesta maleta cont\u00e9 experiments pr\u00e0ctics i din\u00e0mics que utilitzen el joc com a eina d\u2019aprenentatge. Gr\u00e0cies a ella hem pogut reflexionar sobre la qualitat de l&#8217;aire a les aules de la nostra escola, mesurant i comparant el CO2 present en l\u2019ambient i la import\u00e0ncia de ventilar als canvis de classe.\u00a0<\/span><\/p>\n<p>Clkiqueu enlla\u00e7.<a href=\"https:\/\/photos.app.goo.gl\/6fyyyvaKPVDrHkwU9\">https:\/\/photos.app.goo.gl\/6fyyyvaKPVDrHkwU9<\/a><\/p>\n<p style=\"text-align: center;\">\n<p>&nbsp;<\/p>\n<p>&nbsp;<\/p>\n<p>&nbsp;<\/p>\n","protected":false},"excerpt":{"rendered":"<p>El projecte de divulgaci\u00f3 cient\u00edfica GARA OpenLAB ha arribat a la nostra escola. Impulsat per l\u2019IREC (Institut de Recerca d\u2019Energia de Catalunya), est\u00e0 dirigit tant als alumnes d\u2019educaci\u00f3 prim\u00e0ria\u00a0 com de secund\u00e0ria secund\u00e0ria i t\u00e9 la finalitat de despertar l\u2019inter\u00e8s dels centres i de l\u2019alumnat&hellip;  <a href=\"https:\/\/agora.xtec.cat\/zer-pedrera\/general\/participem-en-el-projecte-de-divulgacio-cientifica-open-lab-alumnat-cm-i-cs-escola-porcel-de-cervera\/\" title=\"Read Participem en el projecte de divulgaci\u00f3 cient\u00edfica Open Lab. Alumnat CM I CS escola Porcel de Cervera.\">Llegeix m\u00e9s\u00bb<\/a><\/p>\n","protected":false},"author":1,"featured_media":9242,"comment_status":"open","ping_status":"closed","sticky":false,"template":"","format":"standard","meta":{"_bbp_topic_count":0,"_bbp_reply_count":0,"_bbp_total_topic_count":0,"_bbp_total_reply_count":0,"_bbp_voice_count":0,"_bbp_anonymous_reply_count":0,"_bbp_topic_count_hidden":0,"_bbp_reply_count_hidden":0,"_bbp_forum_subforum_count":0,"footnotes":""},"categories":[111,1,29,89],"tags":[],"class_list":["post-9241","post","type-post","status-publish","format-standard","has-post-thumbnail","hentry","category-escola-porcel-de-cervera","category-general","category-portada","category-primaria"],"post_mailing_queue_ids":[],"_links":{"self":[{"href":"https:\/\/agora.xtec.cat\/zer-pedrera\/wp-json\/wp\/v2\/posts\/9241","targetHints":{"allow":["GET"]}}],"collection":[{"href":"https:\/\/agora.xtec.cat\/zer-pedrera\/wp-json\/wp\/v2\/posts"}],"about":[{"href":"https:\/\/agora.xtec.cat\/zer-pedrera\/wp-json\/wp\/v2\/types\/post"}],"author":[{"embeddable":true,"href":"https:\/\/agora.xtec.cat\/zer-pedrera\/wp-json\/wp\/v2\/users\/1"}],"replies":[{"embeddable":true,"href":"https:\/\/agora.xtec.cat\/zer-pedrera\/wp-json\/wp\/v2\/comments?post=9241"}],"version-history":[{"count":1,"href":"https:\/\/agora.xtec.cat\/zer-pedrera\/wp-json\/wp\/v2\/posts\/9241\/revisions"}],"predecessor-version":[{"id":9243,"href":"https:\/\/agora.xtec.cat\/zer-pedrera\/wp-json\/wp\/v2\/posts\/9241\/revisions\/9243"}],"wp:featuredmedia":[{"embeddable":true,"href":"https:\/\/agora.xtec.cat\/zer-pedrera\/wp-json\/wp\/v2\/media\/9242"}],"wp:attachment":[{"href":"https:\/\/agora.xtec.cat\/zer-pedrera\/wp-json\/wp\/v2\/media?parent=9241"}],"wp:term":[{"taxonomy":"category","embeddable":true,"href":"https:\/\/agora.xtec.cat\/zer-pedrera\/wp-json\/wp\/v2\/categories?post=9241"},{"taxonomy":"post_tag","embeddable":true,"href":"https:\/\/agora.xtec.cat\/zer-pedrera\/wp-json\/wp\/v2\/tags?post=9241"}],"curies":[{"name":"wp","href":"https:\/\/api.w.org\/{rel}","templated":true}]}}