{"id":9226,"date":"2025-03-31T10:33:43","date_gmt":"2025-03-31T08:33:43","guid":{"rendered":"https:\/\/agora.xtec.cat\/zer-pedrera\/?p=9226"},"modified":"2025-03-31T10:33:43","modified_gmt":"2025-03-31T08:33:43","slug":"ei-de-lescola-abat-ruera-metodologia-de-racons","status":"publish","type":"post","link":"https:\/\/agora.xtec.cat\/zer-pedrera\/general\/ei-de-lescola-abat-ruera-metodologia-de-racons\/","title":{"rendered":"EI de l&#8217;escola Abat Ruera. Metodologia de racons"},"content":{"rendered":"<p><a href=\"https:\/\/photos.app.goo.gl\/wY8HxnvVXGt7swiKA\">Durant aquests dies, l&#8217;alumnat d&#8217;Educaci\u00f3 Infantil han treballat les matem\u00e0tiques a partir de la metodologia de racons. Treballar d&#8217;aquesta manera els ajuda a endinsar-se m\u00e9s f\u00e0cilment en els continguts treballats. Han treballat el tra\u00e7 dels n\u00fameros, la seva grafia, la quantitat, la identificaci\u00f3 de l&#8217;ordre, el nombre&#8230;<\/a><\/p>\n<p><a href=\"https:\/\/photos.app.goo.gl\/wY8HxnvVXGt7swiKA\">Per veure m\u00e9s imatges clicar damunt de la fotografia.<\/a><\/p>\n<p><a href=\"https:\/\/photos.app.goo.gl\/wY8HxnvVXGt7swiKA\" target=\"_blank\" rel=\"noopener\"><img loading=\"lazy\" decoding=\"async\" class=\"alignnone size-full wp-image-9229\" src=\"https:\/\/agora.xtec.cat\/zer-pedrera\/wp-content\/uploads\/usu1473\/2025\/03\/IMG-20250317-WA0015.jpg\" alt=\"\" width=\"300\" height=\"450\" srcset=\"https:\/\/agora.xtec.cat\/zer-pedrera\/wp-content\/uploads\/usu1473\/2025\/03\/IMG-20250317-WA0015.jpg 300w, https:\/\/agora.xtec.cat\/zer-pedrera\/wp-content\/uploads\/usu1473\/2025\/03\/IMG-20250317-WA0015-200x300.jpg 200w\" sizes=\"auto, (max-width: 300px) 100vw, 300px\" \/><\/a><\/p>\n<p>&nbsp;<\/p>\n<p>&nbsp;<\/p>\n","protected":false},"excerpt":{"rendered":"<p><a href=\"https:\/\/photos.app.goo.gl\/wY8HxnvVXGt7swiKA\">Durant aquests dies, l&#8217;alumnat d&#8217;Educaci\u00f3 Infantil han treballat les matem\u00e0tiques a partir de la metodologia de racons. Treballar d&#8217;aquesta manera els ajuda a endinsar-se m\u00e9s f\u00e0cilment en els continguts treballats. Han treballat el tra\u00e7 dels n\u00fameros, la seva grafia, la quantitat, la identificaci\u00f3 de&hellip;  <a href=\"https:\/\/agora.xtec.cat\/zer-pedrera\/general\/ei-de-lescola-abat-ruera-metodologia-de-racons\/\" title=\"Read EI de l&#8217;escola Abat Ruera. Metodologia de racons\">Llegeix m\u00e9s\u00bb<\/a><\/p>\n","protected":false},"author":1,"featured_media":9229,"comment_status":"open","ping_status":"closed","sticky":false,"template":"","format":"standard","meta":{"_bbp_topic_count":0,"_bbp_reply_count":0,"_bbp_total_topic_count":0,"_bbp_total_reply_count":0,"_bbp_voice_count":0,"_bbp_anonymous_reply_count":0,"_bbp_topic_count_hidden":0,"_bbp_reply_count_hidden":0,"_bbp_forum_subforum_count":0,"footnotes":""},"categories":[113,110,1,126,29],"tags":[],"class_list":["post-9226","post","type-post","status-publish","format-standard","has-post-thumbnail","hentry","category-e-infantil","category-escola-abat-ruera","category-general","category-matematiques","category-portada"],"post_mailing_queue_ids":[],"_links":{"self":[{"href":"https:\/\/agora.xtec.cat\/zer-pedrera\/wp-json\/wp\/v2\/posts\/9226","targetHints":{"allow":["GET"]}}],"collection":[{"href":"https:\/\/agora.xtec.cat\/zer-pedrera\/wp-json\/wp\/v2\/posts"}],"about":[{"href":"https:\/\/agora.xtec.cat\/zer-pedrera\/wp-json\/wp\/v2\/types\/post"}],"author":[{"embeddable":true,"href":"https:\/\/agora.xtec.cat\/zer-pedrera\/wp-json\/wp\/v2\/users\/1"}],"replies":[{"embeddable":true,"href":"https:\/\/agora.xtec.cat\/zer-pedrera\/wp-json\/wp\/v2\/comments?post=9226"}],"version-history":[{"count":3,"href":"https:\/\/agora.xtec.cat\/zer-pedrera\/wp-json\/wp\/v2\/posts\/9226\/revisions"}],"predecessor-version":[{"id":9230,"href":"https:\/\/agora.xtec.cat\/zer-pedrera\/wp-json\/wp\/v2\/posts\/9226\/revisions\/9230"}],"wp:featuredmedia":[{"embeddable":true,"href":"https:\/\/agora.xtec.cat\/zer-pedrera\/wp-json\/wp\/v2\/media\/9229"}],"wp:attachment":[{"href":"https:\/\/agora.xtec.cat\/zer-pedrera\/wp-json\/wp\/v2\/media?parent=9226"}],"wp:term":[{"taxonomy":"category","embeddable":true,"href":"https:\/\/agora.xtec.cat\/zer-pedrera\/wp-json\/wp\/v2\/categories?post=9226"},{"taxonomy":"post_tag","embeddable":true,"href":"https:\/\/agora.xtec.cat\/zer-pedrera\/wp-json\/wp\/v2\/tags?post=9226"}],"curies":[{"name":"wp","href":"https:\/\/api.w.org\/{rel}","templated":true}]}}