{"id":9213,"date":"2025-03-24T20:57:32","date_gmt":"2025-03-24T19:57:32","guid":{"rendered":"https:\/\/agora.xtec.cat\/zer-pedrera\/?p=9213"},"modified":"2025-03-24T20:57:32","modified_gmt":"2025-03-24T19:57:32","slug":"zer-pedrera-teatre-dangles-i-audicio-musical-alumnat-4t-5e-i-6e","status":"publish","type":"post","link":"https:\/\/agora.xtec.cat\/zer-pedrera\/general\/zer-pedrera-teatre-dangles-i-audicio-musical-alumnat-4t-5e-i-6e\/","title":{"rendered":"ZER Pedrera. Teatre d&#8217;angl\u00e8s i audici\u00f3 musical alumnat 4t, 5\u00e8 i 6\u00e8"},"content":{"rendered":"<p data-pm-slice=\"1 1 []\">El dia 20 de mar\u00e7 l\u2019alumnat de 4t, 5\u00e8 i 6\u00e8 de Prim\u00e0ria han anat a les Borges Blanques per gaudir de l\u2019obra de teatre amb angl\u00e8s \u201c<strong><em>Tommy and the talent thief<\/em><\/strong>\u201d \u201d i l\u2019audici\u00f3 d&#8217;arpa. Tot l&#8217;alumnat de la ZER s&#8217;ho han passat d&#8217;all\u00f2 m\u00e9s b\u00e9!<\/p>\n<p data-pm-slice=\"1 1 []\"><a href=\"https:\/\/agora.xtec.cat\/zer-pedrera\/wp-content\/uploads\/usu1473\/2025\/03\/IMG_8195.jpg\"><img loading=\"lazy\" decoding=\"async\" class=\"alignnone size-full wp-image-9251\" src=\"https:\/\/agora.xtec.cat\/zer-pedrera\/wp-content\/uploads\/usu1473\/2025\/03\/IMG_8195.jpg\" alt=\"\" width=\"300\" height=\"225\" srcset=\"https:\/\/agora.xtec.cat\/zer-pedrera\/wp-content\/uploads\/usu1473\/2025\/03\/IMG_8195.jpg 300w, https:\/\/agora.xtec.cat\/zer-pedrera\/wp-content\/uploads\/usu1473\/2025\/03\/IMG_8195-200x150.jpg 200w\" sizes=\"auto, (max-width: 300px) 100vw, 300px\" \/><\/a><\/p>\n","protected":false},"excerpt":{"rendered":"<p>El dia 20 de mar\u00e7 l\u2019alumnat de 4t, 5\u00e8 i 6\u00e8 de Prim\u00e0ria han anat a les Borges Blanques per gaudir de l\u2019obra de teatre amb angl\u00e8s \u201cTommy and the talent thief\u201d \u201d i l\u2019audici\u00f3 d&#8217;arpa. Tot l&#8217;alumnat de la ZER s&#8217;ho han passat d&#8217;all\u00f2&hellip;  <a href=\"https:\/\/agora.xtec.cat\/zer-pedrera\/general\/zer-pedrera-teatre-dangles-i-audicio-musical-alumnat-4t-5e-i-6e\/\" title=\"Read ZER Pedrera. Teatre d&#8217;angl\u00e8s i audici\u00f3 musical alumnat 4t, 5\u00e8 i 6\u00e8\">Llegeix m\u00e9s\u00bb<\/a><\/p>\n","protected":false},"author":1,"featured_media":9251,"comment_status":"open","ping_status":"closed","sticky":false,"template":"","format":"standard","meta":{"_bbp_topic_count":0,"_bbp_reply_count":0,"_bbp_total_topic_count":0,"_bbp_total_reply_count":0,"_bbp_voice_count":0,"_bbp_anonymous_reply_count":0,"_bbp_topic_count_hidden":0,"_bbp_reply_count_hidden":0,"_bbp_forum_subforum_count":0,"footnotes":""},"categories":[123,110,111,1,117,29,89],"tags":[],"class_list":["post-9213","post","type-post","status-publish","format-standard","has-post-thumbnail","hentry","category-angles","category-escola-abat-ruera","category-escola-porcel-de-cervera","category-general","category-musica","category-portada","category-primaria"],"post_mailing_queue_ids":[],"_links":{"self":[{"href":"https:\/\/agora.xtec.cat\/zer-pedrera\/wp-json\/wp\/v2\/posts\/9213","targetHints":{"allow":["GET"]}}],"collection":[{"href":"https:\/\/agora.xtec.cat\/zer-pedrera\/wp-json\/wp\/v2\/posts"}],"about":[{"href":"https:\/\/agora.xtec.cat\/zer-pedrera\/wp-json\/wp\/v2\/types\/post"}],"author":[{"embeddable":true,"href":"https:\/\/agora.xtec.cat\/zer-pedrera\/wp-json\/wp\/v2\/users\/1"}],"replies":[{"embeddable":true,"href":"https:\/\/agora.xtec.cat\/zer-pedrera\/wp-json\/wp\/v2\/comments?post=9213"}],"version-history":[{"count":2,"href":"https:\/\/agora.xtec.cat\/zer-pedrera\/wp-json\/wp\/v2\/posts\/9213\/revisions"}],"predecessor-version":[{"id":9252,"href":"https:\/\/agora.xtec.cat\/zer-pedrera\/wp-json\/wp\/v2\/posts\/9213\/revisions\/9252"}],"wp:featuredmedia":[{"embeddable":true,"href":"https:\/\/agora.xtec.cat\/zer-pedrera\/wp-json\/wp\/v2\/media\/9251"}],"wp:attachment":[{"href":"https:\/\/agora.xtec.cat\/zer-pedrera\/wp-json\/wp\/v2\/media?parent=9213"}],"wp:term":[{"taxonomy":"category","embeddable":true,"href":"https:\/\/agora.xtec.cat\/zer-pedrera\/wp-json\/wp\/v2\/categories?post=9213"},{"taxonomy":"post_tag","embeddable":true,"href":"https:\/\/agora.xtec.cat\/zer-pedrera\/wp-json\/wp\/v2\/tags?post=9213"}],"curies":[{"name":"wp","href":"https:\/\/api.w.org\/{rel}","templated":true}]}}