{"id":9207,"date":"2025-03-20T11:54:01","date_gmt":"2025-03-20T10:54:01","guid":{"rendered":"https:\/\/agora.xtec.cat\/zer-pedrera\/?p=9207"},"modified":"2025-03-24T20:51:48","modified_gmt":"2025-03-24T19:51:48","slug":"zer-pedrera-teatre-dangles-i-audicio-musical-alumnat-1r-2n-i-3r","status":"publish","type":"post","link":"https:\/\/agora.xtec.cat\/zer-pedrera\/general\/zer-pedrera-teatre-dangles-i-audicio-musical-alumnat-1r-2n-i-3r\/","title":{"rendered":"ZER Pedrera. Teatre d&#8217;angl\u00e8s i audici\u00f3 musical alumnat 1r, 2n i 3r"},"content":{"rendered":"<p>El dia 13 de mar\u00e7 l\u2019alumnat de 1r, 2n i 3r de Prim\u00e0ria de la ZER Pedrera van anar a les Borges Blanques per gaudir de l\u2019obra de teatre amb angl\u00e8s \u201cPinochhio\u201d i l\u2019audici\u00f3 d&#8217;acordi\u00f3. Tot l&#8217;alumnat de la ZER s&#8217;ho va passar d&#8217;all\u00f2 m\u00e9s b\u00e9!<\/p>\n<p>Per veure m\u00e9s fotografies clicar damunt de la imatge.<a href=\"https:\/\/photos.app.goo.gl\/wUwpEdigCdx4gvvG9\" target=\"_blank\" rel=\"noopener\">https:\/\/photos.app.goo.gl\/wUwpEdigCdx4gvvG9<\/a><\/p>\n<p><a href=\"https:\/\/agora.xtec.cat\/zer-pedrera\/wp-content\/uploads\/usu1473\/2025\/03\/4e00cf67-33d2-46c4-99d8-13fac603157c.jpg\"><img loading=\"lazy\" decoding=\"async\" class=\"alignnone wp-image-9209\" src=\"https:\/\/agora.xtec.cat\/zer-pedrera\/wp-content\/uploads\/usu1473\/2025\/03\/4e00cf67-33d2-46c4-99d8-13fac603157c.jpg\" alt=\"\" width=\"261\" height=\"348\" srcset=\"https:\/\/agora.xtec.cat\/zer-pedrera\/wp-content\/uploads\/usu1473\/2025\/03\/4e00cf67-33d2-46c4-99d8-13fac603157c.jpg 450w, https:\/\/agora.xtec.cat\/zer-pedrera\/wp-content\/uploads\/usu1473\/2025\/03\/4e00cf67-33d2-46c4-99d8-13fac603157c-225x300.jpg 225w\" sizes=\"auto, (max-width: 261px) 100vw, 261px\" \/><\/a><\/p>\n","protected":false},"excerpt":{"rendered":"<p>El dia 13 de mar\u00e7 l\u2019alumnat de 1r, 2n i 3r de Prim\u00e0ria de la ZER Pedrera van anar a les Borges Blanques per gaudir de l\u2019obra de teatre amb angl\u00e8s \u201cPinochhio\u201d i l\u2019audici\u00f3 d&#8217;acordi\u00f3. Tot l&#8217;alumnat de la ZER s&#8217;ho va passar d&#8217;all\u00f2 m\u00e9s&hellip;  <a href=\"https:\/\/agora.xtec.cat\/zer-pedrera\/general\/zer-pedrera-teatre-dangles-i-audicio-musical-alumnat-1r-2n-i-3r\/\" title=\"Read ZER Pedrera. Teatre d&#8217;angl\u00e8s i audici\u00f3 musical alumnat 1r, 2n i 3r\">Llegeix m\u00e9s\u00bb<\/a><\/p>\n","protected":false},"author":1,"featured_media":9209,"comment_status":"open","ping_status":"closed","sticky":false,"template":"","format":"standard","meta":{"_bbp_topic_count":0,"_bbp_reply_count":0,"_bbp_total_topic_count":0,"_bbp_total_reply_count":0,"_bbp_voice_count":0,"_bbp_anonymous_reply_count":0,"_bbp_topic_count_hidden":0,"_bbp_reply_count_hidden":0,"_bbp_forum_subforum_count":0,"footnotes":""},"categories":[123,110,111,1,117,29,89],"tags":[],"class_list":["post-9207","post","type-post","status-publish","format-standard","has-post-thumbnail","hentry","category-angles","category-escola-abat-ruera","category-escola-porcel-de-cervera","category-general","category-musica","category-portada","category-primaria"],"post_mailing_queue_ids":[],"_links":{"self":[{"href":"https:\/\/agora.xtec.cat\/zer-pedrera\/wp-json\/wp\/v2\/posts\/9207","targetHints":{"allow":["GET"]}}],"collection":[{"href":"https:\/\/agora.xtec.cat\/zer-pedrera\/wp-json\/wp\/v2\/posts"}],"about":[{"href":"https:\/\/agora.xtec.cat\/zer-pedrera\/wp-json\/wp\/v2\/types\/post"}],"author":[{"embeddable":true,"href":"https:\/\/agora.xtec.cat\/zer-pedrera\/wp-json\/wp\/v2\/users\/1"}],"replies":[{"embeddable":true,"href":"https:\/\/agora.xtec.cat\/zer-pedrera\/wp-json\/wp\/v2\/comments?post=9207"}],"version-history":[{"count":6,"href":"https:\/\/agora.xtec.cat\/zer-pedrera\/wp-json\/wp\/v2\/posts\/9207\/revisions"}],"predecessor-version":[{"id":9250,"href":"https:\/\/agora.xtec.cat\/zer-pedrera\/wp-json\/wp\/v2\/posts\/9207\/revisions\/9250"}],"wp:featuredmedia":[{"embeddable":true,"href":"https:\/\/agora.xtec.cat\/zer-pedrera\/wp-json\/wp\/v2\/media\/9209"}],"wp:attachment":[{"href":"https:\/\/agora.xtec.cat\/zer-pedrera\/wp-json\/wp\/v2\/media?parent=9207"}],"wp:term":[{"taxonomy":"category","embeddable":true,"href":"https:\/\/agora.xtec.cat\/zer-pedrera\/wp-json\/wp\/v2\/categories?post=9207"},{"taxonomy":"post_tag","embeddable":true,"href":"https:\/\/agora.xtec.cat\/zer-pedrera\/wp-json\/wp\/v2\/tags?post=9207"}],"curies":[{"name":"wp","href":"https:\/\/api.w.org\/{rel}","templated":true}]}}