{"id":9202,"date":"2025-03-20T11:53:18","date_gmt":"2025-03-20T10:53:18","guid":{"rendered":"https:\/\/agora.xtec.cat\/zer-pedrera\/?p=9202"},"modified":"2025-03-20T11:53:18","modified_gmt":"2025-03-20T10:53:18","slug":"zer-pedrera-xxii-certamen-de-lectura-en-veu-alta","status":"publish","type":"post","link":"https:\/\/agora.xtec.cat\/zer-pedrera\/general\/zer-pedrera-xxii-certamen-de-lectura-en-veu-alta\/","title":{"rendered":"ZER Pedrera. XXII Certamen de lectura en veu alta"},"content":{"rendered":"<p style=\"text-align: left;\">Avui dimarts, 18 de mar\u00e7, s\u2019ha celebrat la semifinal escolar del Certamen de lectura en veu alta a Juneda. L&#8217;equip docent vol felicitar a tot l&#8217;alumnat per l&#8217;esfor\u00e7 que han fet durant els dies de preparaci\u00f3 de la lectura. S&#8217;ha evidenciat el treball fet des de l&#8217;\u00e0mbit familiar i tots els infants han mostrat un molt bon nivell lector.<\/p>\n<p>Felicitats a tots i a totes!<\/p>\n<p><a href=\"https:\/\/agora.xtec.cat\/zer-pedrera\/wp-content\/uploads\/usu1473\/2025\/03\/veualtajoves-1.jpg\"><img loading=\"lazy\" decoding=\"async\" class=\"alignnone size-full wp-image-9204\" src=\"https:\/\/agora.xtec.cat\/zer-pedrera\/wp-content\/uploads\/usu1473\/2025\/03\/veualtajoves-1.jpg\" alt=\"\" width=\"432\" height=\"198\" srcset=\"https:\/\/agora.xtec.cat\/zer-pedrera\/wp-content\/uploads\/usu1473\/2025\/03\/veualtajoves-1.jpg 432w, https:\/\/agora.xtec.cat\/zer-pedrera\/wp-content\/uploads\/usu1473\/2025\/03\/veualtajoves-1-300x138.jpg 300w\" sizes=\"auto, (max-width: 432px) 100vw, 432px\" \/><\/a><\/p>\n","protected":false},"excerpt":{"rendered":"<p>Avui dimarts, 18 de mar\u00e7, s\u2019ha celebrat la semifinal escolar del Certamen de lectura en veu alta a Juneda. L&#8217;equip docent vol felicitar a tot l&#8217;alumnat per l&#8217;esfor\u00e7 que han fet durant els dies de preparaci\u00f3 de la lectura. S&#8217;ha evidenciat el treball fet des&hellip;  <a href=\"https:\/\/agora.xtec.cat\/zer-pedrera\/general\/zer-pedrera-xxii-certamen-de-lectura-en-veu-alta\/\" title=\"Read ZER Pedrera. XXII Certamen de lectura en veu alta\">Llegeix m\u00e9s\u00bb<\/a><\/p>\n","protected":false},"author":1,"featured_media":9204,"comment_status":"open","ping_status":"closed","sticky":false,"template":"","format":"standard","meta":{"_bbp_topic_count":0,"_bbp_reply_count":0,"_bbp_total_topic_count":0,"_bbp_total_reply_count":0,"_bbp_voice_count":0,"_bbp_anonymous_reply_count":0,"_bbp_topic_count_hidden":0,"_bbp_reply_count_hidden":0,"_bbp_forum_subforum_count":0,"footnotes":""},"categories":[125,110,111,1,29,89],"tags":[],"class_list":["post-9202","post","type-post","status-publish","format-standard","has-post-thumbnail","hentry","category-catala","category-escola-abat-ruera","category-escola-porcel-de-cervera","category-general","category-portada","category-primaria"],"post_mailing_queue_ids":[],"_links":{"self":[{"href":"https:\/\/agora.xtec.cat\/zer-pedrera\/wp-json\/wp\/v2\/posts\/9202","targetHints":{"allow":["GET"]}}],"collection":[{"href":"https:\/\/agora.xtec.cat\/zer-pedrera\/wp-json\/wp\/v2\/posts"}],"about":[{"href":"https:\/\/agora.xtec.cat\/zer-pedrera\/wp-json\/wp\/v2\/types\/post"}],"author":[{"embeddable":true,"href":"https:\/\/agora.xtec.cat\/zer-pedrera\/wp-json\/wp\/v2\/users\/1"}],"replies":[{"embeddable":true,"href":"https:\/\/agora.xtec.cat\/zer-pedrera\/wp-json\/wp\/v2\/comments?post=9202"}],"version-history":[{"count":2,"href":"https:\/\/agora.xtec.cat\/zer-pedrera\/wp-json\/wp\/v2\/posts\/9202\/revisions"}],"predecessor-version":[{"id":9206,"href":"https:\/\/agora.xtec.cat\/zer-pedrera\/wp-json\/wp\/v2\/posts\/9202\/revisions\/9206"}],"wp:featuredmedia":[{"embeddable":true,"href":"https:\/\/agora.xtec.cat\/zer-pedrera\/wp-json\/wp\/v2\/media\/9204"}],"wp:attachment":[{"href":"https:\/\/agora.xtec.cat\/zer-pedrera\/wp-json\/wp\/v2\/media?parent=9202"}],"wp:term":[{"taxonomy":"category","embeddable":true,"href":"https:\/\/agora.xtec.cat\/zer-pedrera\/wp-json\/wp\/v2\/categories?post=9202"},{"taxonomy":"post_tag","embeddable":true,"href":"https:\/\/agora.xtec.cat\/zer-pedrera\/wp-json\/wp\/v2\/tags?post=9202"}],"curies":[{"name":"wp","href":"https:\/\/api.w.org\/{rel}","templated":true}]}}