{"id":9182,"date":"2025-03-10T10:04:22","date_gmt":"2025-03-10T09:04:22","guid":{"rendered":"https:\/\/agora.xtec.cat\/zer-pedrera\/?p=9182"},"modified":"2025-03-10T10:04:22","modified_gmt":"2025-03-10T09:04:22","slug":"zer-pedrera-jornada-historica-curs-24-25","status":"publish","type":"post","link":"https:\/\/agora.xtec.cat\/zer-pedrera\/general\/zer-pedrera-jornada-historica-curs-24-25\/","title":{"rendered":"ZER Pedrera. Jornada Hist\u00f2rica curs 24-25"},"content":{"rendered":"<p>El dia 7 de mar\u00e7, tot l&#8217;alumnat de la ZER Pedrera, hem gaudit de la nostra segona Jornada Hist\u00f2rica a la Cova de la Font Major de l&#8217;Espluga de Francol\u00ed. Les Coves de l&#8217;Espluga han obert les portes del passat prehist\u00f2ric al nostre alumnat. Ells han estat espectadors i alhora protagonistes de les seves activitats, de la seva vida i de la nostra evoluci\u00f3 com a humans, des del paleol\u00edtic fins al m\u00f3n iber.<\/p>\n<p>Per veure m\u00e9s fotografies de la Jornada Hist\u00f2rica clicar damunt de la imatge.<\/p>\n<p><a href=\"https:\/\/photos.app.goo.gl\/g2BfgsX3UQy5pioD7\" target=\"_blank\" rel=\"noopener\"><img loading=\"lazy\" decoding=\"async\" class=\"alignnone size-full wp-image-9183\" src=\"https:\/\/agora.xtec.cat\/zer-pedrera\/wp-content\/uploads\/usu1473\/2025\/03\/IMG-20250307-WA0053.jpg\" alt=\"\" width=\"300\" height=\"225\" srcset=\"https:\/\/agora.xtec.cat\/zer-pedrera\/wp-content\/uploads\/usu1473\/2025\/03\/IMG-20250307-WA0053.jpg 300w, https:\/\/agora.xtec.cat\/zer-pedrera\/wp-content\/uploads\/usu1473\/2025\/03\/IMG-20250307-WA0053-200x150.jpg 200w\" sizes=\"auto, (max-width: 300px) 100vw, 300px\" \/><\/a><\/p>\n","protected":false},"excerpt":{"rendered":"<p>El dia 7 de mar\u00e7, tot l&#8217;alumnat de la ZER Pedrera, hem gaudit de la nostra segona Jornada Hist\u00f2rica a la Cova de la Font Major de l&#8217;Espluga de Francol\u00ed. Les Coves de l&#8217;Espluga han obert les portes del passat prehist\u00f2ric al nostre alumnat. Ells&hellip;  <a href=\"https:\/\/agora.xtec.cat\/zer-pedrera\/general\/zer-pedrera-jornada-historica-curs-24-25\/\" title=\"Read ZER Pedrera. Jornada Hist\u00f2rica curs 24-25\">Llegeix m\u00e9s\u00bb<\/a><\/p>\n","protected":false},"author":1,"featured_media":9183,"comment_status":"open","ping_status":"closed","sticky":false,"template":"","format":"standard","meta":{"_bbp_topic_count":0,"_bbp_reply_count":0,"_bbp_total_topic_count":0,"_bbp_total_reply_count":0,"_bbp_voice_count":0,"_bbp_anonymous_reply_count":0,"_bbp_topic_count_hidden":0,"_bbp_reply_count_hidden":0,"_bbp_forum_subforum_count":0,"footnotes":""},"categories":[113,110,111,1,116,29,89],"tags":[],"class_list":["post-9182","post","type-post","status-publish","format-standard","has-post-thumbnail","hentry","category-e-infantil","category-escola-abat-ruera","category-escola-porcel-de-cervera","category-general","category-medi","category-portada","category-primaria"],"post_mailing_queue_ids":[],"_links":{"self":[{"href":"https:\/\/agora.xtec.cat\/zer-pedrera\/wp-json\/wp\/v2\/posts\/9182","targetHints":{"allow":["GET"]}}],"collection":[{"href":"https:\/\/agora.xtec.cat\/zer-pedrera\/wp-json\/wp\/v2\/posts"}],"about":[{"href":"https:\/\/agora.xtec.cat\/zer-pedrera\/wp-json\/wp\/v2\/types\/post"}],"author":[{"embeddable":true,"href":"https:\/\/agora.xtec.cat\/zer-pedrera\/wp-json\/wp\/v2\/users\/1"}],"replies":[{"embeddable":true,"href":"https:\/\/agora.xtec.cat\/zer-pedrera\/wp-json\/wp\/v2\/comments?post=9182"}],"version-history":[{"count":2,"href":"https:\/\/agora.xtec.cat\/zer-pedrera\/wp-json\/wp\/v2\/posts\/9182\/revisions"}],"predecessor-version":[{"id":9185,"href":"https:\/\/agora.xtec.cat\/zer-pedrera\/wp-json\/wp\/v2\/posts\/9182\/revisions\/9185"}],"wp:featuredmedia":[{"embeddable":true,"href":"https:\/\/agora.xtec.cat\/zer-pedrera\/wp-json\/wp\/v2\/media\/9183"}],"wp:attachment":[{"href":"https:\/\/agora.xtec.cat\/zer-pedrera\/wp-json\/wp\/v2\/media?parent=9182"}],"wp:term":[{"taxonomy":"category","embeddable":true,"href":"https:\/\/agora.xtec.cat\/zer-pedrera\/wp-json\/wp\/v2\/categories?post=9182"},{"taxonomy":"post_tag","embeddable":true,"href":"https:\/\/agora.xtec.cat\/zer-pedrera\/wp-json\/wp\/v2\/tags?post=9182"}],"curies":[{"name":"wp","href":"https:\/\/api.w.org\/{rel}","templated":true}]}}