{"id":9165,"date":"2025-03-07T17:05:08","date_gmt":"2025-03-07T16:05:08","guid":{"rendered":"https:\/\/agora.xtec.cat\/zer-pedrera\/?p=9165"},"modified":"2025-03-07T17:05:08","modified_gmt":"2025-03-07T16:05:08","slug":"trobada-de-la-disbauxa-a-la-zer-pedrera","status":"publish","type":"post","link":"https:\/\/agora.xtec.cat\/zer-pedrera\/general\/trobada-de-la-disbauxa-a-la-zer-pedrera\/","title":{"rendered":"Trobada de la disbauxa a la ZER Pedrera"},"content":{"rendered":"<p>El passat divendres 28 de febrer tota la comunitat educativa de la ZER Pedrera hem celebrat a l&#8217;escola Abad Ruera de Puiggr\u00f3s la tan esperada trobada de la disbauxa en companyia del nostre Carnestoltes. Pel mat\u00ed els m\u00e9s grans vam gaudir d&#8217;un taller de racisme dut a terme per una noia molt propera que ens va transmetre grans valors. Despr\u00e9s tots plegats, alumnes i mestres vam fer un taller per guarnir les nostres bates i ulleres de &#8220;cient\u00edfics bojos&#8221; per lluir a la RUA\u00a0 de la tarda en companyia de les fam\u00edlies i alguns ve\u00efns del poble. Com sempre, la jornada va ser un moment de retrobaments i cohesi\u00f3 entre tot l&#8217;alumnat de la ZER, per\u00f2 sobretot de moltes rialles i diversi\u00f3.<\/p>\n<p>Per veure m\u00e9s fotografies cliqueu <a href=\"https:\/\/photos.app.goo.gl\/QZxAMs1iYYrNoJMo8\">aqu\u00ed.<\/a><\/p>\n<p>&nbsp;<\/p>\n","protected":false},"excerpt":{"rendered":"<p>El passat divendres 28 de febrer tota la comunitat educativa de la ZER Pedrera hem celebrat a l&#8217;escola Abad Ruera de Puiggr\u00f3s la tan esperada trobada de la disbauxa en companyia del nostre Carnestoltes. Pel mat\u00ed els m\u00e9s grans vam gaudir d&#8217;un taller de racisme&hellip;  <a href=\"https:\/\/agora.xtec.cat\/zer-pedrera\/general\/trobada-de-la-disbauxa-a-la-zer-pedrera\/\" title=\"Read Trobada de la disbauxa a la ZER Pedrera\">Llegeix m\u00e9s\u00bb<\/a><\/p>\n","protected":false},"author":1,"featured_media":0,"comment_status":"open","ping_status":"closed","sticky":false,"template":"","format":"standard","meta":{"_bbp_topic_count":0,"_bbp_reply_count":0,"_bbp_total_topic_count":0,"_bbp_total_reply_count":0,"_bbp_voice_count":0,"_bbp_anonymous_reply_count":0,"_bbp_topic_count_hidden":0,"_bbp_reply_count_hidden":0,"_bbp_forum_subforum_count":0,"footnotes":""},"categories":[113,110,111,1,29,89],"tags":[],"class_list":["post-9165","post","type-post","status-publish","format-standard","hentry","category-e-infantil","category-escola-abat-ruera","category-escola-porcel-de-cervera","category-general","category-portada","category-primaria"],"post_mailing_queue_ids":[],"_links":{"self":[{"href":"https:\/\/agora.xtec.cat\/zer-pedrera\/wp-json\/wp\/v2\/posts\/9165","targetHints":{"allow":["GET"]}}],"collection":[{"href":"https:\/\/agora.xtec.cat\/zer-pedrera\/wp-json\/wp\/v2\/posts"}],"about":[{"href":"https:\/\/agora.xtec.cat\/zer-pedrera\/wp-json\/wp\/v2\/types\/post"}],"author":[{"embeddable":true,"href":"https:\/\/agora.xtec.cat\/zer-pedrera\/wp-json\/wp\/v2\/users\/1"}],"replies":[{"embeddable":true,"href":"https:\/\/agora.xtec.cat\/zer-pedrera\/wp-json\/wp\/v2\/comments?post=9165"}],"version-history":[{"count":2,"href":"https:\/\/agora.xtec.cat\/zer-pedrera\/wp-json\/wp\/v2\/posts\/9165\/revisions"}],"predecessor-version":[{"id":9181,"href":"https:\/\/agora.xtec.cat\/zer-pedrera\/wp-json\/wp\/v2\/posts\/9165\/revisions\/9181"}],"wp:attachment":[{"href":"https:\/\/agora.xtec.cat\/zer-pedrera\/wp-json\/wp\/v2\/media?parent=9165"}],"wp:term":[{"taxonomy":"category","embeddable":true,"href":"https:\/\/agora.xtec.cat\/zer-pedrera\/wp-json\/wp\/v2\/categories?post=9165"},{"taxonomy":"post_tag","embeddable":true,"href":"https:\/\/agora.xtec.cat\/zer-pedrera\/wp-json\/wp\/v2\/tags?post=9165"}],"curies":[{"name":"wp","href":"https:\/\/api.w.org\/{rel}","templated":true}]}}