{"id":9148,"date":"2025-02-25T15:55:14","date_gmt":"2025-02-25T14:55:14","guid":{"rendered":"https:\/\/agora.xtec.cat\/zer-pedrera\/?p=9148"},"modified":"2025-02-27T22:27:15","modified_gmt":"2025-02-27T21:27:15","slug":"setmana-del-carnaval-a-lescola-porcel-de-cervera","status":"publish","type":"post","link":"https:\/\/agora.xtec.cat\/zer-pedrera\/general\/setmana-del-carnaval-a-lescola-porcel-de-cervera\/","title":{"rendered":"Setmana del Carnaval a l&#8217;escola Porcel de Cervera."},"content":{"rendered":"<p>Acabat el mes de febrer i un any m\u00e9s no podem acomiadar-lo sense seguir amb la tradici\u00f3 del Carnaval. Com ja sabeu, la setmana pr\u00e8via\u00a0 al gran dia de festa, el Rei Carnestoltes ens envia unes ordres ben esbojarrades perqu\u00e8 l&#8217;estada a l&#8217;escola sigui d&#8217;all\u00f2 m\u00e9s divertida, on no hi faltin la gresca, la disbauxa i les rialles de bon mat\u00ed en veure els nostres looks.<\/p>\n<p>Com sabem que tamb\u00e9 en voleu formar part&#8230;us deixem les fotos de tots els looks realitzats seguint les ordres del Rei Carnestoltes, rei dels poca-soltes!<\/p>\n<p>Dilluns a l&#8217;escola amb pijama anir\u00e0s! Clica <a href=\"https:\/\/photos.app.goo.gl\/aEwHACcPg4o8JGVj7\">aqu\u00ed<\/a><\/p>\n<p>Dimarts ben elegant et vestir\u00e0s! Clica <a href=\"https:\/\/photos.app.goo.gl\/RXuqqRiWAcr6qVu38\">aqu\u00ed.<\/a><\/p>\n<p>Dimecres als anys 80 et transportar\u00e0s. <a href=\"https:\/\/photos.app.goo.gl\/hbmx6TwPVQYYvQi6A\">Clica<\/a> aqu\u00ed.<\/p>\n<p>Dijous gras truites i mitjons divertits i diferents dur\u00e0s! Clica <a href=\"https:\/\/photos.app.goo.gl\/8dJFgUsKV9XL1k9WA\">aqu\u00ed<\/a><\/p>\n","protected":false},"excerpt":{"rendered":"<p>Acabat el mes de febrer i un any m\u00e9s no podem acomiadar-lo sense seguir amb la tradici\u00f3 del Carnaval. Com ja sabeu, la setmana pr\u00e8via\u00a0 al gran dia de festa, el Rei Carnestoltes ens envia unes ordres ben esbojarrades perqu\u00e8 l&#8217;estada a l&#8217;escola sigui d&#8217;all\u00f2&hellip;  <a href=\"https:\/\/agora.xtec.cat\/zer-pedrera\/general\/setmana-del-carnaval-a-lescola-porcel-de-cervera\/\" title=\"Read Setmana del Carnaval a l&#8217;escola Porcel de Cervera.\">Llegeix m\u00e9s\u00bb<\/a><\/p>\n","protected":false},"author":1,"featured_media":9145,"comment_status":"open","ping_status":"closed","sticky":false,"template":"","format":"standard","meta":{"_bbp_topic_count":0,"_bbp_reply_count":0,"_bbp_total_topic_count":0,"_bbp_total_reply_count":0,"_bbp_voice_count":0,"_bbp_anonymous_reply_count":0,"_bbp_topic_count_hidden":0,"_bbp_reply_count_hidden":0,"_bbp_forum_subforum_count":0,"footnotes":""},"categories":[111,1,29],"tags":[],"class_list":["post-9148","post","type-post","status-publish","format-standard","has-post-thumbnail","hentry","category-escola-porcel-de-cervera","category-general","category-portada"],"post_mailing_queue_ids":[],"_links":{"self":[{"href":"https:\/\/agora.xtec.cat\/zer-pedrera\/wp-json\/wp\/v2\/posts\/9148","targetHints":{"allow":["GET"]}}],"collection":[{"href":"https:\/\/agora.xtec.cat\/zer-pedrera\/wp-json\/wp\/v2\/posts"}],"about":[{"href":"https:\/\/agora.xtec.cat\/zer-pedrera\/wp-json\/wp\/v2\/types\/post"}],"author":[{"embeddable":true,"href":"https:\/\/agora.xtec.cat\/zer-pedrera\/wp-json\/wp\/v2\/users\/1"}],"replies":[{"embeddable":true,"href":"https:\/\/agora.xtec.cat\/zer-pedrera\/wp-json\/wp\/v2\/comments?post=9148"}],"version-history":[{"count":6,"href":"https:\/\/agora.xtec.cat\/zer-pedrera\/wp-json\/wp\/v2\/posts\/9148\/revisions"}],"predecessor-version":[{"id":9160,"href":"https:\/\/agora.xtec.cat\/zer-pedrera\/wp-json\/wp\/v2\/posts\/9148\/revisions\/9160"}],"wp:featuredmedia":[{"embeddable":true,"href":"https:\/\/agora.xtec.cat\/zer-pedrera\/wp-json\/wp\/v2\/media\/9145"}],"wp:attachment":[{"href":"https:\/\/agora.xtec.cat\/zer-pedrera\/wp-json\/wp\/v2\/media?parent=9148"}],"wp:term":[{"taxonomy":"category","embeddable":true,"href":"https:\/\/agora.xtec.cat\/zer-pedrera\/wp-json\/wp\/v2\/categories?post=9148"},{"taxonomy":"post_tag","embeddable":true,"href":"https:\/\/agora.xtec.cat\/zer-pedrera\/wp-json\/wp\/v2\/tags?post=9148"}],"curies":[{"name":"wp","href":"https:\/\/api.w.org\/{rel}","templated":true}]}}