{"id":9144,"date":"2025-02-24T21:26:05","date_gmt":"2025-02-24T20:26:05","guid":{"rendered":"https:\/\/agora.xtec.cat\/zer-pedrera\/?p=9144"},"modified":"2025-03-04T10:13:10","modified_gmt":"2025-03-04T09:13:10","slug":"escola-abat-ruera-les-ordres-del-rei-carnestoltes-3","status":"publish","type":"post","link":"https:\/\/agora.xtec.cat\/zer-pedrera\/general\/escola-abat-ruera-les-ordres-del-rei-carnestoltes-3\/","title":{"rendered":"Escola Abat Ruera. Les ordres del Rei Carnestoltes"},"content":{"rendered":"<p>Els dies previs a la Trobada de la Disbauxa, a l\u2019escola Abat Ruera, estem d\u2019all\u00f2 m\u00e9s divertits seguint les ordres del rei Carnestoltes. Com diu la tradici\u00f3 no hi ha Carnaval sense disbauxa i gresca i aix\u00ed ho estem fent! Cada dia alumnes i mestres anem a l\u2019escola amb un look diferent!<\/p>\n<p>No us perdeu les imatges tan divertides d\u2019aquesta setmana!<\/p>\n<p>*Divendres dia 21-02-25. Arribada del Rei Carnestoltes. Per veure les imatges clicar <a href=\"https:\/\/photos.app.goo.gl\/9A2S4LhuXaLseAmB7\" target=\"_blank\" rel=\"noopener\">AQU\u00cd<\/a><\/p>\n<p>*Dilluns dia 24-02-25. Portem el pijama! Per veure les imatges clicar <a href=\"https:\/\/photos.app.goo.gl\/gcEspEq3yVXhpZJg6\" target=\"_blank\" rel=\"noopener\">AQU\u00cd<\/a><\/p>\n<p>*Dimarts dia 25-02-25.\u00a0 Vestits dels anys 80! Per veure les imatges cliclar <a href=\"https:\/\/photos.app.goo.gl\/7E6W42Ziic59AbuV6\" target=\"_blank\" rel=\"noopener\">AQU\u00cd<\/a><\/p>\n<p>*Dimecres dia 26-02-25. Anem ben elegants\/es! Per veure les imatges clicar <a href=\"https:\/\/photos.app.goo.gl\/GnCzqp8k3QdwE5Z26\" target=\"_blank\" rel=\"noopener\">AQU\u00cd<\/a><\/p>\n<p>*Dijous dia 27-02-25. Mitjons diferents i menjar entrep\u00e0 de truita! Per veure les imatges clicar <a href=\"https:\/\/photos.app.goo.gl\/kEwt1JxbZ8pRfTHQ7\" target=\"_blank\" rel=\"noopener\">AQU\u00cd<\/a><\/p>\n<p><a href=\"https:\/\/agora.xtec.cat\/zer-pedrera\/wp-content\/uploads\/usu1473\/2025\/02\/festa.jpg\"><img loading=\"lazy\" decoding=\"async\" class=\"alignnone size-full wp-image-9145\" src=\"https:\/\/agora.xtec.cat\/zer-pedrera\/wp-content\/uploads\/usu1473\/2025\/02\/festa.jpg\" alt=\"\" width=\"300\" height=\"334\" srcset=\"https:\/\/agora.xtec.cat\/zer-pedrera\/wp-content\/uploads\/usu1473\/2025\/02\/festa.jpg 300w, https:\/\/agora.xtec.cat\/zer-pedrera\/wp-content\/uploads\/usu1473\/2025\/02\/festa-269x300.jpg 269w\" sizes=\"auto, (max-width: 300px) 100vw, 300px\" \/><\/a><\/p>\n<p>*<\/p>\n","protected":false},"excerpt":{"rendered":"<p>Els dies previs a la Trobada de la Disbauxa, a l\u2019escola Abat Ruera, estem d\u2019all\u00f2 m\u00e9s divertits seguint les ordres del rei Carnestoltes. Com diu la tradici\u00f3 no hi ha Carnaval sense disbauxa i gresca i aix\u00ed ho estem fent! Cada dia alumnes i mestres&hellip;  <a href=\"https:\/\/agora.xtec.cat\/zer-pedrera\/general\/escola-abat-ruera-les-ordres-del-rei-carnestoltes-3\/\" title=\"Read Escola Abat Ruera. Les ordres del Rei Carnestoltes\">Llegeix m\u00e9s\u00bb<\/a><\/p>\n","protected":false},"author":1,"featured_media":9145,"comment_status":"open","ping_status":"closed","sticky":false,"template":"","format":"standard","meta":{"_bbp_topic_count":0,"_bbp_reply_count":0,"_bbp_total_topic_count":0,"_bbp_total_reply_count":0,"_bbp_voice_count":0,"_bbp_anonymous_reply_count":0,"_bbp_topic_count_hidden":0,"_bbp_reply_count_hidden":0,"_bbp_forum_subforum_count":0,"footnotes":""},"categories":[113,110,1,116,29,89],"tags":[],"class_list":["post-9144","post","type-post","status-publish","format-standard","has-post-thumbnail","hentry","category-e-infantil","category-escola-abat-ruera","category-general","category-medi","category-portada","category-primaria"],"post_mailing_queue_ids":[],"_links":{"self":[{"href":"https:\/\/agora.xtec.cat\/zer-pedrera\/wp-json\/wp\/v2\/posts\/9144","targetHints":{"allow":["GET"]}}],"collection":[{"href":"https:\/\/agora.xtec.cat\/zer-pedrera\/wp-json\/wp\/v2\/posts"}],"about":[{"href":"https:\/\/agora.xtec.cat\/zer-pedrera\/wp-json\/wp\/v2\/types\/post"}],"author":[{"embeddable":true,"href":"https:\/\/agora.xtec.cat\/zer-pedrera\/wp-json\/wp\/v2\/users\/1"}],"replies":[{"embeddable":true,"href":"https:\/\/agora.xtec.cat\/zer-pedrera\/wp-json\/wp\/v2\/comments?post=9144"}],"version-history":[{"count":5,"href":"https:\/\/agora.xtec.cat\/zer-pedrera\/wp-json\/wp\/v2\/posts\/9144\/revisions"}],"predecessor-version":[{"id":9161,"href":"https:\/\/agora.xtec.cat\/zer-pedrera\/wp-json\/wp\/v2\/posts\/9144\/revisions\/9161"}],"wp:featuredmedia":[{"embeddable":true,"href":"https:\/\/agora.xtec.cat\/zer-pedrera\/wp-json\/wp\/v2\/media\/9145"}],"wp:attachment":[{"href":"https:\/\/agora.xtec.cat\/zer-pedrera\/wp-json\/wp\/v2\/media?parent=9144"}],"wp:term":[{"taxonomy":"category","embeddable":true,"href":"https:\/\/agora.xtec.cat\/zer-pedrera\/wp-json\/wp\/v2\/categories?post=9144"},{"taxonomy":"post_tag","embeddable":true,"href":"https:\/\/agora.xtec.cat\/zer-pedrera\/wp-json\/wp\/v2\/tags?post=9144"}],"curies":[{"name":"wp","href":"https:\/\/api.w.org\/{rel}","templated":true}]}}