{"id":9111,"date":"2025-03-08T11:52:02","date_gmt":"2025-03-08T10:52:02","guid":{"rendered":"https:\/\/agora.xtec.cat\/zer-pedrera\/?p=9111"},"modified":"2025-03-08T11:52:02","modified_gmt":"2025-03-08T10:52:02","slug":"cm-de-lescola-abat-ruera-com-ens-veuriem-de-cavernicoles","status":"publish","type":"post","link":"https:\/\/agora.xtec.cat\/zer-pedrera\/general\/cm-de-lescola-abat-ruera-com-ens-veuriem-de-cavernicoles\/","title":{"rendered":"CM de l&#8217;escola Abat Ruera. Com ens veur\u00edem de cavern\u00edcoles?"},"content":{"rendered":"<p>Seguint la l\u00ednia del projecte de Gesti\u00f3 Aut\u00f2noma &#8220;Una mirada al passat&#8221; van sorgir diferents interessos i dubtes que aprofitem per convertir-los en aprenentatge.<\/p>\n<p>Aquest cop, hem descobert com ens veur\u00edem de cavern\u00edcoles i hem vist que era una bona oportunitat per decorar la nostra porta i aix\u00ed, fer part\u00edcips als nostres companys i companyes de l&#8217;escola.<\/p>\n<p>El proc\u00e9s creatiu ha estat sorprenent, veient fins on pot arribar la imaginaci\u00f3 i creativitat i com podem fer realitat el que ens imaginem. Ara, cada dia quan obrim la porta de la classe per comen\u00e7ar un nou dia, podrem gaudir del nostre resultat final!<\/p>\n<p>Per veure m\u00e9s fotografies clicar damunt de la imatge.<\/p>\n<p><a href=\"https:\/\/photos.app.goo.gl\/EeNqAC6p4z4XJa8C6\" target=\"_blank\" rel=\"noopener\"><img loading=\"lazy\" decoding=\"async\" class=\"alignnone size-full wp-image-9113\" src=\"https:\/\/agora.xtec.cat\/zer-pedrera\/wp-content\/uploads\/usu1473\/2025\/02\/IMG-20250217-WA0032.jpg\" alt=\"\" width=\"300\" height=\"300\" srcset=\"https:\/\/agora.xtec.cat\/zer-pedrera\/wp-content\/uploads\/usu1473\/2025\/02\/IMG-20250217-WA0032.jpg 300w, https:\/\/agora.xtec.cat\/zer-pedrera\/wp-content\/uploads\/usu1473\/2025\/02\/IMG-20250217-WA0032-150x150.jpg 150w\" sizes=\"auto, (max-width: 300px) 100vw, 300px\" \/><\/a><\/p>\n","protected":false},"excerpt":{"rendered":"<p>Seguint la l\u00ednia del projecte de Gesti\u00f3 Aut\u00f2noma &#8220;Una mirada al passat&#8221; van sorgir diferents interessos i dubtes que aprofitem per convertir-los en aprenentatge.<br \/>\nAquest cop, hem descobert com ens veur\u00edem de cavern\u00edcoles i hem vist que era una bona oportunitat per decorar la nostra porta&hellip;  <a href=\"https:\/\/agora.xtec.cat\/zer-pedrera\/general\/cm-de-lescola-abat-ruera-com-ens-veuriem-de-cavernicoles\/\" title=\"Read CM de l&#8217;escola Abat Ruera. Com ens veur\u00edem de cavern\u00edcoles?\">Llegeix m\u00e9s\u00bb<\/a><\/p>\n","protected":false},"author":1,"featured_media":9113,"comment_status":"open","ping_status":"closed","sticky":false,"template":"","format":"standard","meta":{"_bbp_topic_count":0,"_bbp_reply_count":0,"_bbp_total_topic_count":0,"_bbp_total_reply_count":0,"_bbp_voice_count":0,"_bbp_anonymous_reply_count":0,"_bbp_topic_count_hidden":0,"_bbp_reply_count_hidden":0,"_bbp_forum_subforum_count":0,"footnotes":""},"categories":[110,1,116,29,89,120],"tags":[],"class_list":["post-9111","post","type-post","status-publish","format-standard","has-post-thumbnail","hentry","category-escola-abat-ruera","category-general","category-medi","category-portada","category-primaria","category-projectes"],"post_mailing_queue_ids":[],"_links":{"self":[{"href":"https:\/\/agora.xtec.cat\/zer-pedrera\/wp-json\/wp\/v2\/posts\/9111","targetHints":{"allow":["GET"]}}],"collection":[{"href":"https:\/\/agora.xtec.cat\/zer-pedrera\/wp-json\/wp\/v2\/posts"}],"about":[{"href":"https:\/\/agora.xtec.cat\/zer-pedrera\/wp-json\/wp\/v2\/types\/post"}],"author":[{"embeddable":true,"href":"https:\/\/agora.xtec.cat\/zer-pedrera\/wp-json\/wp\/v2\/users\/1"}],"replies":[{"embeddable":true,"href":"https:\/\/agora.xtec.cat\/zer-pedrera\/wp-json\/wp\/v2\/comments?post=9111"}],"version-history":[{"count":3,"href":"https:\/\/agora.xtec.cat\/zer-pedrera\/wp-json\/wp\/v2\/posts\/9111\/revisions"}],"predecessor-version":[{"id":9115,"href":"https:\/\/agora.xtec.cat\/zer-pedrera\/wp-json\/wp\/v2\/posts\/9111\/revisions\/9115"}],"wp:featuredmedia":[{"embeddable":true,"href":"https:\/\/agora.xtec.cat\/zer-pedrera\/wp-json\/wp\/v2\/media\/9113"}],"wp:attachment":[{"href":"https:\/\/agora.xtec.cat\/zer-pedrera\/wp-json\/wp\/v2\/media?parent=9111"}],"wp:term":[{"taxonomy":"category","embeddable":true,"href":"https:\/\/agora.xtec.cat\/zer-pedrera\/wp-json\/wp\/v2\/categories?post=9111"},{"taxonomy":"post_tag","embeddable":true,"href":"https:\/\/agora.xtec.cat\/zer-pedrera\/wp-json\/wp\/v2\/tags?post=9111"}],"curies":[{"name":"wp","href":"https:\/\/api.w.org\/{rel}","templated":true}]}}