{"id":9091,"date":"2025-02-16T19:29:37","date_gmt":"2025-02-16T18:29:37","guid":{"rendered":"https:\/\/agora.xtec.cat\/zer-pedrera\/?p=9091"},"modified":"2025-02-16T19:29:37","modified_gmt":"2025-02-16T18:29:37","slug":"les-constel-lacions-alumnat-infantil-i-ci-porecl-de-cervera","status":"publish","type":"post","link":"https:\/\/agora.xtec.cat\/zer-pedrera\/general\/les-constel-lacions-alumnat-infantil-i-ci-porecl-de-cervera\/","title":{"rendered":"Les constel.lacions. Alumnat infantil i CI Porecl de Cervera."},"content":{"rendered":"<p><span style=\"font-weight: 400;\">Amb l\u2019alumnat d\u2019infantil i cicle inicial continuem endinsant-nos en el m\u00f3n de l\u2019univers, en els darrers dies hem apr\u00e8s que s\u00f3n les constel\u00b7lacions. Sab\u00edeu que els homes de l\u2019antiguitat agrupaven les estrelles entre s\u00ed, imaginant-se figures i dibuixos que els hi servia per orientar-se en el cel? Hem creat una m\u00e0quina per veure totes les constel\u00b7lacions i tamb\u00e9 hem buscat quina \u00e9s la nostra segons el nostre mes i dia de naixement. Ha estat molt divertit perqu\u00e8 l\u2019hem creat cosint-la amb fil i agulla!\u00a0<\/span><\/p>\n<p><a href=\"https:\/\/photos.app.goo.gl\/xc1fSK8njdnJhUyM8\"><img loading=\"lazy\" decoding=\"async\" class=\"aligncenter\" src=\"https:\/\/agora.xtec.cat\/zer-pedrera\/wp-content\/uploads\/usu1473\/2025\/02\/portada-1.jpg\" width=\"86\" height=\"115\" \/><\/a><\/p>\n","protected":false},"excerpt":{"rendered":"<p>Amb l\u2019alumnat d\u2019infantil i cicle inicial continuem endinsant-nos en el m\u00f3n de l\u2019univers, en els darrers dies hem apr\u00e8s que s\u00f3n les constel\u00b7lacions. Sab\u00edeu que els homes de l\u2019antiguitat agrupaven les estrelles entre s\u00ed, imaginant-se figures i dibuixos que els hi servia per orientar-se en&hellip;  <a href=\"https:\/\/agora.xtec.cat\/zer-pedrera\/general\/les-constel-lacions-alumnat-infantil-i-ci-porecl-de-cervera\/\" title=\"Read Les constel.lacions. Alumnat infantil i CI Porecl de Cervera.\">Llegeix m\u00e9s\u00bb<\/a><\/p>\n","protected":false},"author":1,"featured_media":9107,"comment_status":"open","ping_status":"closed","sticky":false,"template":"","format":"standard","meta":{"_bbp_topic_count":0,"_bbp_reply_count":0,"_bbp_total_topic_count":0,"_bbp_total_reply_count":0,"_bbp_voice_count":0,"_bbp_anonymous_reply_count":0,"_bbp_topic_count_hidden":0,"_bbp_reply_count_hidden":0,"_bbp_forum_subforum_count":0,"footnotes":""},"categories":[113,111,1,116,29,89],"tags":[],"class_list":["post-9091","post","type-post","status-publish","format-standard","has-post-thumbnail","hentry","category-e-infantil","category-escola-porcel-de-cervera","category-general","category-medi","category-portada","category-primaria"],"post_mailing_queue_ids":[],"_links":{"self":[{"href":"https:\/\/agora.xtec.cat\/zer-pedrera\/wp-json\/wp\/v2\/posts\/9091","targetHints":{"allow":["GET"]}}],"collection":[{"href":"https:\/\/agora.xtec.cat\/zer-pedrera\/wp-json\/wp\/v2\/posts"}],"about":[{"href":"https:\/\/agora.xtec.cat\/zer-pedrera\/wp-json\/wp\/v2\/types\/post"}],"author":[{"embeddable":true,"href":"https:\/\/agora.xtec.cat\/zer-pedrera\/wp-json\/wp\/v2\/users\/1"}],"replies":[{"embeddable":true,"href":"https:\/\/agora.xtec.cat\/zer-pedrera\/wp-json\/wp\/v2\/comments?post=9091"}],"version-history":[{"count":2,"href":"https:\/\/agora.xtec.cat\/zer-pedrera\/wp-json\/wp\/v2\/posts\/9091\/revisions"}],"predecessor-version":[{"id":9108,"href":"https:\/\/agora.xtec.cat\/zer-pedrera\/wp-json\/wp\/v2\/posts\/9091\/revisions\/9108"}],"wp:featuredmedia":[{"embeddable":true,"href":"https:\/\/agora.xtec.cat\/zer-pedrera\/wp-json\/wp\/v2\/media\/9107"}],"wp:attachment":[{"href":"https:\/\/agora.xtec.cat\/zer-pedrera\/wp-json\/wp\/v2\/media?parent=9091"}],"wp:term":[{"taxonomy":"category","embeddable":true,"href":"https:\/\/agora.xtec.cat\/zer-pedrera\/wp-json\/wp\/v2\/categories?post=9091"},{"taxonomy":"post_tag","embeddable":true,"href":"https:\/\/agora.xtec.cat\/zer-pedrera\/wp-json\/wp\/v2\/tags?post=9091"}],"curies":[{"name":"wp","href":"https:\/\/api.w.org\/{rel}","templated":true}]}}